{"id":653,"date":"2015-02-17T05:26:25","date_gmt":"2015-02-17T04:26:25","guid":{"rendered":"http:\/\/msimonsson.se\/?p=653"},"modified":"2015-02-17T05:26:25","modified_gmt":"2015-02-17T04:26:25","slug":"nu-ar-det-dags","status":"publish","type":"post","link":"https:\/\/msimonsson.se\/index.php\/2015\/02\/17\/nu-ar-det-dags\/","title":{"rendered":"Nu \u00e4r det dags!"},"content":{"rendered":"<p>Den senaste tiden har mest handlat om aff\u00e4rsutveckling \u2013 mitt eget f\u00f6retag \u2013 ny hemsida och ny blogg. Att vara tvungen att t\u00e4nka till \u00e4r sp\u00e4nnande och skapar fr\u00e5gor. Och jag verkar inte vara ensam. M\u00e5nga av mina m\u00f6ten handlar om f\u00f6r\u00e4ndring och f\u00f6rb\u00e4ttringar i f\u00f6retag och f\u00f6reningar och f\u00f6r individer. Det \u00e4r som om vi alla f\u00e5tt en energikick samtidigt.<\/p>\n<p>Jag tror att 2015 blir ett bra \u00e5r \u2013 men det \u00e4r klart det kan beh\u00f6vas lite hj\u00e4lp! S\u00e5 jag hoppas att du gillar hemsidan och bloggen \u2013 och ger mig feedback, fr\u00e5gor och funderingar! Jag tror att bra energi \u00e4r A och O f\u00f6r bra f\u00f6retagare och ledare i alla sammanhang. Jag hoppas ge dig lite inspiration och tips h\u00e4r. Min ambition \u00e4r h\u00f6g &#8211; framtiden f\u00e5r utvisa hur bra jag uppfyller det.<\/p>\n<p>Jag gillar det gamla citatet om att f\u00f6retagare \u00e4r som humlor&#8230;<\/p>\n\n\t\t<div class='et_quote'>\n\t\t\t<div class='et_right_quote'>\n\t\t\t\tVi \u00e4r som humlor &#8211; de kan inte flyga men g\u00f6r det eftersom de inte vet b\u00e4ttre\n\t\t\t\t\n\t\t\t<\/div>\n\t\t\t<span class='et_quote_sign'><\/span>\n\t\t<\/div>\n\t\n<p>Jag tror det g\u00e4ller med chefer, ledare och styrelseledam\u00f6ter ocks\u00e5. Vi vet inte b\u00e4ttre s\u00e5 vi flyger,\u00a0 aff\u00e4rsutvecklar, samarbetar och leder utan att veta b\u00e4ttre.<\/p>\n<p>I somras n\u00e4r jag tr\u00e4nade f\u00f6r min kommande fotvandring till Santiago de Compostela s\u00e5g jag humlor samarbeta \u2013 p\u00e5 en tistel! Helt underbart full aktivitet i samf\u00f6rst\u00e5nd. Vi kan g\u00f6ra det ocks\u00e5 \u2013 och utifr\u00e5n f\u00f6ruts\u00e4ttningar som vid f\u00f6rsta anblicken kanske verkar lite og\u00e4stv\u00e4nliga.<\/p>\n<p>I mitt f\u00f6retag arbetar jag med <a title=\"F\u00f6rhandling\" href=\"http:\/\/msimonsson.se\/forhandling\/\">f\u00f6rhandlingsteknik<\/a>, <a title=\"Strategisk kommunikation\" href=\"http:\/\/msimonsson.se\/strategisk-kommunikation\/\">strategisk kommunikation<\/a> och <a title=\"Situationsanpassat ledarskap\" href=\"http:\/\/msimonsson.se\/\">situationsanpassat ledarskap<\/a>. Jag kommer att dela med mig tankar och erfarenheter fr\u00e5n min vardag. Vill du veta mer om vad jag erbjuder s\u00e5\u00a0l\u00e4s vidare under respektive rubrik p\u00e5 min hemsida <a title=\"Situationsanpassat ledarskap\" href=\"http:\/\/msimonsson.se\/\" target=\"_blank\" rel=\"noopener\">www.msimonsson.se<\/a>.<\/p>\n<h2>Nyhetsbrev<\/h2>\n<p>Vill du ha tips, r\u00e5d och lite arbetsmetoder kan du prenumerera p\u00e5 mitt nyhetsbrev. Det utkommer n\u00e5gra g\u00e5nger per \u00e5r och du kan n\u00e4r som helst avsluta din prenumeration. D\u00e4r delar jag med mig av fr\u00e5gor fr\u00e5n seminariedeltagare, verktyg och metoder f\u00f6r att du ska kunna f\u00e5 inspiration f\u00f6r din egen utveckling och fylla p\u00e5 lite p\u00e5 din energi!<\/p>\n<p><a title=\"Prenumerera p\u00e5 mitt nyhetsbrev\" href=\"http:\/\/msimonsson.se\/\" target=\"_blank\" rel=\"noopener\">Registrera dig f\u00f6r nyhetsbrev h\u00e4r<\/a> &#8211; eller i rutan h\u00e4r nedanf\u00f6r &#8211; genom att fylla i ditt namn och din e-post.<\/p>\n","protected":false},"excerpt":{"rendered":"<p>Den senaste tiden har mest handlat om aff\u00e4rsutveckling \u2013 mitt eget f\u00f6retag \u2013 ny hemsida och ny blogg. Att vara tvungen att t\u00e4nka till \u00e4r sp\u00e4nnande och skapar fr\u00e5gor. Och jag verkar inte vara ensam. M\u00e5nga av mina m\u00f6ten handlar om f\u00f6r\u00e4ndring och f\u00f6rb\u00e4ttringar i f\u00f6retag och f\u00f6reningar och f\u00f6r individer. Det \u00e4r som om [&hellip;]<\/p>\n","protected":false},"author":4,"featured_media":654,"comment_status":"open","ping_status":"open","sticky":false,"template":"","format":"standard","meta":{"_et_pb_use_builder":"","_et_pb_old_content":"","_et_gb_content_width":"","footnotes":""},"categories":[16],"tags":[15],"class_list":["post-653","post","type-post","status-publish","format-standard","has-post-thumbnail","hentry","category-aktuellt","tag-affarsutveckling"],"yoast_head":"<!-- This site is optimized with the Yoast SEO plugin v26.8 - https:\/\/yoast.com\/product\/yoast-seo-wordpress\/ -->\n<title>Nu \u00e4r det dags! - Marie Simonsson<\/title>\n<meta name=\"robots\" content=\"index, follow, max-snippet:-1, max-image-preview:large, max-video-preview:-1\" \/>\n<link rel=\"canonical\" href=\"https:\/\/msimonsson.se\/index.php\/2015\/02\/17\/nu-ar-det-dags\/\" \/>\n<meta property=\"og:locale\" content=\"sv_SE\" \/>\n<meta property=\"og:type\" content=\"article\" \/>\n<meta property=\"og:title\" content=\"Nu \u00e4r det dags! - Marie Simonsson\" \/>\n<meta property=\"og:description\" content=\"Den senaste tiden har mest handlat om aff\u00e4rsutveckling \u2013 mitt eget f\u00f6retag \u2013 ny hemsida och ny blogg. Att vara tvungen att t\u00e4nka till \u00e4r sp\u00e4nnande och skapar fr\u00e5gor. Och jag verkar inte vara ensam. M\u00e5nga av mina m\u00f6ten handlar om f\u00f6r\u00e4ndring och f\u00f6rb\u00e4ttringar i f\u00f6retag och f\u00f6reningar och f\u00f6r individer. Det \u00e4r som om [&hellip;]\" \/>\n<meta property=\"og:url\" content=\"https:\/\/msimonsson.se\/index.php\/2015\/02\/17\/nu-ar-det-dags\/\" \/>\n<meta property=\"og:site_name\" content=\"Marie Simonsson\" \/>\n<meta property=\"article:publisher\" content=\"https:\/\/www.facebook.com\/msimonsson.se\" \/>\n<meta property=\"article:published_time\" content=\"2015-02-17T04:26:25+00:00\" \/>\n<meta property=\"og:image\" content=\"https:\/\/msimonsson.se\/wp-content\/uploads\/2015\/02\/Humlor.jpg\" \/>\n\t<meta property=\"og:image:width\" content=\"292\" \/>\n\t<meta property=\"og:image:height\" content=\"220\" \/>\n\t<meta property=\"og:image:type\" content=\"image\/jpeg\" \/>\n<meta name=\"author\" content=\"Marie Simonsson\" \/>\n<meta name=\"twitter:card\" content=\"summary_large_image\" \/>\n<meta name=\"twitter:label1\" content=\"Skriven av\" \/>\n\t<meta name=\"twitter:data1\" content=\"Marie Simonsson\" \/>\n\t<meta name=\"twitter:label2\" content=\"Ber\u00e4knad l\u00e4stid\" \/>\n\t<meta name=\"twitter:data2\" content=\"2 minuter\" \/>\n<script type=\"application\/ld+json\" class=\"yoast-schema-graph\">{\"@context\":\"https:\/\/schema.org\",\"@graph\":[{\"@type\":\"Article\",\"@id\":\"https:\/\/msimonsson.se\/index.php\/2015\/02\/17\/nu-ar-det-dags\/#article\",\"isPartOf\":{\"@id\":\"https:\/\/msimonsson.se\/index.php\/2015\/02\/17\/nu-ar-det-dags\/\"},\"author\":{\"name\":\"Marie Simonsson\",\"@id\":\"https:\/\/msimonsson.se\/#\/schema\/person\/c1f6d7642c2de3211be0a8bf810f4ac0\"},\"headline\":\"Nu \u00e4r det dags!\",\"datePublished\":\"2015-02-17T04:26:25+00:00\",\"mainEntityOfPage\":{\"@id\":\"https:\/\/msimonsson.se\/index.php\/2015\/02\/17\/nu-ar-det-dags\/\"},\"wordCount\":417,\"commentCount\":0,\"publisher\":{\"@id\":\"https:\/\/msimonsson.se\/#organization\"},\"image\":{\"@id\":\"https:\/\/msimonsson.se\/index.php\/2015\/02\/17\/nu-ar-det-dags\/#primaryimage\"},\"thumbnailUrl\":\"https:\/\/msimonsson.se\/wp-content\/uploads\/2015\/02\/Humlor.jpg\",\"keywords\":[\"aff\u00e4rsutveckling\"],\"articleSection\":[\"Aktuellt\"],\"inLanguage\":\"sv-SE\",\"potentialAction\":[{\"@type\":\"CommentAction\",\"name\":\"Comment\",\"target\":[\"https:\/\/msimonsson.se\/index.php\/2015\/02\/17\/nu-ar-det-dags\/#respond\"]}]},{\"@type\":\"WebPage\",\"@id\":\"https:\/\/msimonsson.se\/index.php\/2015\/02\/17\/nu-ar-det-dags\/\",\"url\":\"https:\/\/msimonsson.se\/index.php\/2015\/02\/17\/nu-ar-det-dags\/\",\"name\":\"Nu \u00e4r det dags! - Marie Simonsson\",\"isPartOf\":{\"@id\":\"https:\/\/msimonsson.se\/#website\"},\"primaryImageOfPage\":{\"@id\":\"https:\/\/msimonsson.se\/index.php\/2015\/02\/17\/nu-ar-det-dags\/#primaryimage\"},\"image\":{\"@id\":\"https:\/\/msimonsson.se\/index.php\/2015\/02\/17\/nu-ar-det-dags\/#primaryimage\"},\"thumbnailUrl\":\"https:\/\/msimonsson.se\/wp-content\/uploads\/2015\/02\/Humlor.jpg\",\"datePublished\":\"2015-02-17T04:26:25+00:00\",\"breadcrumb\":{\"@id\":\"https:\/\/msimonsson.se\/index.php\/2015\/02\/17\/nu-ar-det-dags\/#breadcrumb\"},\"inLanguage\":\"sv-SE\",\"potentialAction\":[{\"@type\":\"ReadAction\",\"target\":[\"https:\/\/msimonsson.se\/index.php\/2015\/02\/17\/nu-ar-det-dags\/\"]}]},{\"@type\":\"ImageObject\",\"inLanguage\":\"sv-SE\",\"@id\":\"https:\/\/msimonsson.se\/index.php\/2015\/02\/17\/nu-ar-det-dags\/#primaryimage\",\"url\":\"https:\/\/msimonsson.se\/wp-content\/uploads\/2015\/02\/Humlor.jpg\",\"contentUrl\":\"https:\/\/msimonsson.se\/wp-content\/uploads\/2015\/02\/Humlor.jpg\",\"width\":292,\"height\":220,\"caption\":\"Humlor pa en blomma\"},{\"@type\":\"BreadcrumbList\",\"@id\":\"https:\/\/msimonsson.se\/index.php\/2015\/02\/17\/nu-ar-det-dags\/#breadcrumb\",\"itemListElement\":[{\"@type\":\"ListItem\",\"position\":1,\"name\":\"Hem\",\"item\":\"https:\/\/msimonsson.se\/\"},{\"@type\":\"ListItem\",\"position\":2,\"name\":\"Nu \u00e4r det dags!\"}]},{\"@type\":\"WebSite\",\"@id\":\"https:\/\/msimonsson.se\/#website\",\"url\":\"https:\/\/msimonsson.se\/\",\"name\":\"Marie Simonsson Business Consulting\",\"description\":\"Business Consulting\",\"publisher\":{\"@id\":\"https:\/\/msimonsson.se\/#organization\"},\"potentialAction\":[{\"@type\":\"SearchAction\",\"target\":{\"@type\":\"EntryPoint\",\"urlTemplate\":\"https:\/\/msimonsson.se\/?s={search_term_string}\"},\"query-input\":{\"@type\":\"PropertyValueSpecification\",\"valueRequired\":true,\"valueName\":\"search_term_string\"}}],\"inLanguage\":\"sv-SE\"},{\"@type\":\"Organization\",\"@id\":\"https:\/\/msimonsson.se\/#organization\",\"name\":\"Marie Simonsson Business Consulting\",\"url\":\"https:\/\/msimonsson.se\/\",\"logo\":{\"@type\":\"ImageObject\",\"inLanguage\":\"sv-SE\",\"@id\":\"https:\/\/msimonsson.se\/#\/schema\/logo\/image\/\",\"url\":\"https:\/\/msimonsson.se\/wp-content\/uploads\/2023\/08\/Marie_Simonsson_business_consulting.jpg\",\"contentUrl\":\"https:\/\/msimonsson.se\/wp-content\/uploads\/2023\/08\/Marie_Simonsson_business_consulting.jpg\",\"width\":645,\"height\":144,\"caption\":\"Marie Simonsson Business Consulting\"},\"image\":{\"@id\":\"https:\/\/msimonsson.se\/#\/schema\/logo\/image\/\"},\"sameAs\":[\"https:\/\/www.facebook.com\/msimonsson.se\",\"https:\/\/www.instagram.com\/msimonssonab\/\"]},{\"@type\":\"Person\",\"@id\":\"https:\/\/msimonsson.se\/#\/schema\/person\/c1f6d7642c2de3211be0a8bf810f4ac0\",\"name\":\"Marie Simonsson\",\"image\":{\"@type\":\"ImageObject\",\"inLanguage\":\"sv-SE\",\"@id\":\"https:\/\/msimonsson.se\/#\/schema\/person\/image\/\",\"url\":\"https:\/\/secure.gravatar.com\/avatar\/d2aa79522fb63fd956693647b35d907a5829de559b544536c1f8995f26685673?s=96&d=mm&r=g\",\"contentUrl\":\"https:\/\/secure.gravatar.com\/avatar\/d2aa79522fb63fd956693647b35d907a5829de559b544536c1f8995f26685673?s=96&d=mm&r=g\",\"caption\":\"Marie Simonsson\"},\"url\":\"https:\/\/msimonsson.se\/index.php\/author\/marie\/\"}]}<\/script>\n<!-- \/ Yoast SEO plugin. -->","yoast_head_json":{"title":"Nu \u00e4r det dags! - Marie Simonsson","robots":{"index":"index","follow":"follow","max-snippet":"max-snippet:-1","max-image-preview":"max-image-preview:large","max-video-preview":"max-video-preview:-1"},"canonical":"https:\/\/msimonsson.se\/index.php\/2015\/02\/17\/nu-ar-det-dags\/","og_locale":"sv_SE","og_type":"article","og_title":"Nu \u00e4r det dags! - Marie Simonsson","og_description":"Den senaste tiden har mest handlat om aff\u00e4rsutveckling \u2013 mitt eget f\u00f6retag \u2013 ny hemsida och ny blogg. Att vara tvungen att t\u00e4nka till \u00e4r sp\u00e4nnande och skapar fr\u00e5gor. Och jag verkar inte vara ensam. M\u00e5nga av mina m\u00f6ten handlar om f\u00f6r\u00e4ndring och f\u00f6rb\u00e4ttringar i f\u00f6retag och f\u00f6reningar och f\u00f6r individer. Det \u00e4r som om [&hellip;]","og_url":"https:\/\/msimonsson.se\/index.php\/2015\/02\/17\/nu-ar-det-dags\/","og_site_name":"Marie Simonsson","article_publisher":"https:\/\/www.facebook.com\/msimonsson.se","article_published_time":"2015-02-17T04:26:25+00:00","og_image":[{"width":292,"height":220,"url":"https:\/\/msimonsson.se\/wp-content\/uploads\/2015\/02\/Humlor.jpg","type":"image\/jpeg"}],"author":"Marie Simonsson","twitter_card":"summary_large_image","twitter_misc":{"Skriven av":"Marie Simonsson","Ber\u00e4knad l\u00e4stid":"2 minuter"},"schema":{"@context":"https:\/\/schema.org","@graph":[{"@type":"Article","@id":"https:\/\/msimonsson.se\/index.php\/2015\/02\/17\/nu-ar-det-dags\/#article","isPartOf":{"@id":"https:\/\/msimonsson.se\/index.php\/2015\/02\/17\/nu-ar-det-dags\/"},"author":{"name":"Marie Simonsson","@id":"https:\/\/msimonsson.se\/#\/schema\/person\/c1f6d7642c2de3211be0a8bf810f4ac0"},"headline":"Nu \u00e4r det dags!","datePublished":"2015-02-17T04:26:25+00:00","mainEntityOfPage":{"@id":"https:\/\/msimonsson.se\/index.php\/2015\/02\/17\/nu-ar-det-dags\/"},"wordCount":417,"commentCount":0,"publisher":{"@id":"https:\/\/msimonsson.se\/#organization"},"image":{"@id":"https:\/\/msimonsson.se\/index.php\/2015\/02\/17\/nu-ar-det-dags\/#primaryimage"},"thumbnailUrl":"https:\/\/msimonsson.se\/wp-content\/uploads\/2015\/02\/Humlor.jpg","keywords":["aff\u00e4rsutveckling"],"articleSection":["Aktuellt"],"inLanguage":"sv-SE","potentialAction":[{"@type":"CommentAction","name":"Comment","target":["https:\/\/msimonsson.se\/index.php\/2015\/02\/17\/nu-ar-det-dags\/#respond"]}]},{"@type":"WebPage","@id":"https:\/\/msimonsson.se\/index.php\/2015\/02\/17\/nu-ar-det-dags\/","url":"https:\/\/msimonsson.se\/index.php\/2015\/02\/17\/nu-ar-det-dags\/","name":"Nu \u00e4r det dags! - Marie Simonsson","isPartOf":{"@id":"https:\/\/msimonsson.se\/#website"},"primaryImageOfPage":{"@id":"https:\/\/msimonsson.se\/index.php\/2015\/02\/17\/nu-ar-det-dags\/#primaryimage"},"image":{"@id":"https:\/\/msimonsson.se\/index.php\/2015\/02\/17\/nu-ar-det-dags\/#primaryimage"},"thumbnailUrl":"https:\/\/msimonsson.se\/wp-content\/uploads\/2015\/02\/Humlor.jpg","datePublished":"2015-02-17T04:26:25+00:00","breadcrumb":{"@id":"https:\/\/msimonsson.se\/index.php\/2015\/02\/17\/nu-ar-det-dags\/#breadcrumb"},"inLanguage":"sv-SE","potentialAction":[{"@type":"ReadAction","target":["https:\/\/msimonsson.se\/index.php\/2015\/02\/17\/nu-ar-det-dags\/"]}]},{"@type":"ImageObject","inLanguage":"sv-SE","@id":"https:\/\/msimonsson.se\/index.php\/2015\/02\/17\/nu-ar-det-dags\/#primaryimage","url":"https:\/\/msimonsson.se\/wp-content\/uploads\/2015\/02\/Humlor.jpg","contentUrl":"https:\/\/msimonsson.se\/wp-content\/uploads\/2015\/02\/Humlor.jpg","width":292,"height":220,"caption":"Humlor pa en blomma"},{"@type":"BreadcrumbList","@id":"https:\/\/msimonsson.se\/index.php\/2015\/02\/17\/nu-ar-det-dags\/#breadcrumb","itemListElement":[{"@type":"ListItem","position":1,"name":"Hem","item":"https:\/\/msimonsson.se\/"},{"@type":"ListItem","position":2,"name":"Nu \u00e4r det dags!"}]},{"@type":"WebSite","@id":"https:\/\/msimonsson.se\/#website","url":"https:\/\/msimonsson.se\/","name":"Marie Simonsson Business Consulting","description":"Business Consulting","publisher":{"@id":"https:\/\/msimonsson.se\/#organization"},"potentialAction":[{"@type":"SearchAction","target":{"@type":"EntryPoint","urlTemplate":"https:\/\/msimonsson.se\/?s={search_term_string}"},"query-input":{"@type":"PropertyValueSpecification","valueRequired":true,"valueName":"search_term_string"}}],"inLanguage":"sv-SE"},{"@type":"Organization","@id":"https:\/\/msimonsson.se\/#organization","name":"Marie Simonsson Business Consulting","url":"https:\/\/msimonsson.se\/","logo":{"@type":"ImageObject","inLanguage":"sv-SE","@id":"https:\/\/msimonsson.se\/#\/schema\/logo\/image\/","url":"https:\/\/msimonsson.se\/wp-content\/uploads\/2023\/08\/Marie_Simonsson_business_consulting.jpg","contentUrl":"https:\/\/msimonsson.se\/wp-content\/uploads\/2023\/08\/Marie_Simonsson_business_consulting.jpg","width":645,"height":144,"caption":"Marie Simonsson Business Consulting"},"image":{"@id":"https:\/\/msimonsson.se\/#\/schema\/logo\/image\/"},"sameAs":["https:\/\/www.facebook.com\/msimonsson.se","https:\/\/www.instagram.com\/msimonssonab\/"]},{"@type":"Person","@id":"https:\/\/msimonsson.se\/#\/schema\/person\/c1f6d7642c2de3211be0a8bf810f4ac0","name":"Marie Simonsson","image":{"@type":"ImageObject","inLanguage":"sv-SE","@id":"https:\/\/msimonsson.se\/#\/schema\/person\/image\/","url":"https:\/\/secure.gravatar.com\/avatar\/d2aa79522fb63fd956693647b35d907a5829de559b544536c1f8995f26685673?s=96&d=mm&r=g","contentUrl":"https:\/\/secure.gravatar.com\/avatar\/d2aa79522fb63fd956693647b35d907a5829de559b544536c1f8995f26685673?s=96&d=mm&r=g","caption":"Marie Simonsson"},"url":"https:\/\/msimonsson.se\/index.php\/author\/marie\/"}]}},"_links":{"self":[{"href":"https:\/\/msimonsson.se\/index.php\/wp-json\/wp\/v2\/posts\/653","targetHints":{"allow":["GET"]}}],"collection":[{"href":"https:\/\/msimonsson.se\/index.php\/wp-json\/wp\/v2\/posts"}],"about":[{"href":"https:\/\/msimonsson.se\/index.php\/wp-json\/wp\/v2\/types\/post"}],"author":[{"embeddable":true,"href":"https:\/\/msimonsson.se\/index.php\/wp-json\/wp\/v2\/users\/4"}],"replies":[{"embeddable":true,"href":"https:\/\/msimonsson.se\/index.php\/wp-json\/wp\/v2\/comments?post=653"}],"version-history":[{"count":0,"href":"https:\/\/msimonsson.se\/index.php\/wp-json\/wp\/v2\/posts\/653\/revisions"}],"wp:featuredmedia":[{"embeddable":true,"href":"https:\/\/msimonsson.se\/index.php\/wp-json\/wp\/v2\/media\/654"}],"wp:attachment":[{"href":"https:\/\/msimonsson.se\/index.php\/wp-json\/wp\/v2\/media?parent=653"}],"wp:term":[{"taxonomy":"category","embeddable":true,"href":"https:\/\/msimonsson.se\/index.php\/wp-json\/wp\/v2\/categories?post=653"},{"taxonomy":"post_tag","embeddable":true,"href":"https:\/\/msimonsson.se\/index.php\/wp-json\/wp\/v2\/tags?post=653"}],"curies":[{"name":"wp","href":"https:\/\/api.w.org\/{rel}","templated":true}]}}