{"id":5008,"date":"2019-12-09T13:29:06","date_gmt":"2019-12-09T12:29:06","guid":{"rendered":"http:\/\/msimonsson.se\/?p=5008"},"modified":"2019-12-09T13:29:06","modified_gmt":"2019-12-09T12:29:06","slug":"julklapp-nyarslofte-och-en-anmalan-till-bowen2020","status":"publish","type":"post","link":"https:\/\/msimonsson.se\/index.php\/2019\/12\/09\/julklapp-nyarslofte-och-en-anmalan-till-bowen2020\/","title":{"rendered":"Julklapp, ny\u00e5rsl\u00f6fte och en anm\u00e4lan till Bowen2020"},"content":{"rendered":"\n<p><em>For English scroll down<\/em><\/p>\n\n\n\n<p>Det \u00e4r december. Sn\u00f6 och granris. Juls\u00e5nger och julfrid. Tiden f\u00f6r julklappstankar och ny\u00e5rsl\u00f6ften. Eller kanske b\u00e5da delarna i ett enda paket. Ett alldeles s\u00e5dant, fyllt med utbildning, utveckling och sp\u00e4nnande tankeutbyten. En anm\u00e4lan till den 3:e Internationella konferensen i Bowens systemteori, Bowen2020 ger dig allt det du \u00f6nskar! <\/p>\n\n\n\n<figure class=\"wp-block-image size-large\"><img decoding=\"async\" src=\"http:\/\/media.msimonsson.se\/2019\/12\/20181222_181739-1024x768.jpg\" alt=\"\" class=\"wp-image-5014\"\/><figcaption>En decemberdag p\u00e5 g\u00e5rden \u00e4r det fint att dr\u00f6mma sommarens Bowen2020! <\/figcaption><\/figure>\n\n\n\n<p>Just nu har vi det som allra m\u00f6rkast h\u00e4r i Skandinavien. Utomhus \u00e4r det m\u00f6rker, kyla och sn\u00f6. Inomhus v\u00e4rmer brasan och ljusen skapar hemtrevnad. F\u00f6r mig \u00e4r det h\u00e4r den tid d\u00e5 jag funderar \u00f6ver \u00e5ret som kommer. Vad vill jag? Vad ser jag fram emot. I \u00e5r ser jag fram emot sommaren med b\u00e5de \u00e4ngslan och gl\u00e4dje. <\/p>\n\n\n\n<blockquote class=\"wp-block-quote is-style-large is-layout-flow wp-block-quote-is-layout-flow\"><p><em>Temat  &#8221;Managing Relations in a Changing World \u2013 Bowen Theory in Organizations, Families and Communities<\/em><\/p><\/blockquote>\n\n\n\n<p>Under ett och ett halvt \u00e5r har vi i en arbetsgrupp planerat och jobbat f\u00f6r den 3:e internationella konferensen inom Bowens systemteori. Senast gick den av stapeln i maj 2018 och d\u00e5 i Hongkong. Nu blir Bowen2020 en sp\u00e4nnande motsats. I S\u00f6rbyn i Norrbotten &#8221;Swedish Lapland&#8221; \u00e4r det inte direkt samma tr\u00e4ngsel och stadsmilj\u00f6 som i Hongkong. Ist\u00e4llet blir det en upplevelse av den magiska naturen i R\u00e5ne \u00e4lvdal. Mitt i ljusaste sommaren kommer deltagare fr\u00e5n hela v\u00e4lden att samlas f\u00f6r att under tre dagar lyssna p\u00e5 f\u00f6redrag, tr\u00e4ffas och umg\u00e5s.<\/p>\n\n\n\n<figure class=\"wp-block-image size-large\"><img loading=\"lazy\" decoding=\"async\" width=\"1024\" height=\"662\" src=\"http:\/\/msimonsson.se\/wp-content\/uploads\/2019\/12\/20190629_162111-2-1024x662.jpg\" alt=\"\" class=\"wp-image-5021\" srcset=\"http:\/\/msimonsson.se\/wp-content\/uploads\/2019\/12\/20190629_162111-2-980x633.jpg 980w, http:\/\/msimonsson.se\/wp-content\/uploads\/2019\/12\/20190629_162111-2-480x310.jpg 480w\" sizes=\"auto, (min-width: 0px) and (max-width: 480px) 480px, (min-width: 481px) and (max-width: 980px) 980px, (min-width: 981px) 1024px, 100vw\" \/><figcaption>Under Bowen2020 finns m\u00f6jlighet att se b\u00e5de djur och natur !<\/figcaption><\/figure>\n\n\n\n<p>Eftersom jag sj\u00e4lv ska presentera mitt arbete om Bowen som ett bra och begripligt verktyg f\u00f6r stressade organisationer s\u00e5 finns det ocks\u00e5 en hel del f\u00f6rv\u00e4ntan med. Genom att dela erfarenheter l\u00e4r vi av varandra. Det \u00e4r s\u00e5 det s\u00e5 jag och alla som som arbetar med Bowens systemteori utvecklas.  D\u00e4rf\u00f6r \u00e4r min egen \u00e4ngslan en del av f\u00f6rv\u00e4ntan. D\u00e5 k\u00e4nns 6 m\u00e5nader inte alls s\u00e5 l\u00e5ngt borta!<\/p>\n\n\n\n<p>Bowen2020 har temat \u201dManaging Relations in a Changing World \u2013 Bowen Theory in Organizations, Families and Communities\u201d. F\u00f6r s\u00e5dan \u00e4r bredden i Bowens systemteori. Det \u00e4r en teori f\u00f6r m\u00e4nniskors samspel. En metod att f\u00f6rst\u00e5 organisationer, familjer och samh\u00e4lle. Vi beter oss ungef\u00e4r likadant oavsett om vi \u00e4r hemma eller p\u00e5 jobbet. Att f\u00f6rst\u00e5 att vi fungerar i emotionella system. Hur vi p\u00e5verkar varandra och reagerar p\u00e5 varandra \u00e4r grunden i systemteorin. Under tre dagar med Bowen2020, 15 &#8211; 17 juni, kommer deltagare fr\u00e5n hela v\u00e4rlden att m\u00f6tas d\u00e4r i vackra S\u00f6rbyn i R\u00e5ne \u00e4lvdal. Vi kommer att diskutera, lyssna p\u00e5 m\u00e5nga korta seminarier och umg\u00e5s i midnattssolens land. &nbsp;<\/p>\n\n\n\n<figure class=\"wp-block-image size-large\"><img decoding=\"async\" src=\"http:\/\/media.msimonsson.se\/2019\/12\/20190628_113533-1024x768.jpg\" alt=\"\" class=\"wp-image-5020\"\/><figcaption>S\u00f6rbyn Lodge d\u00e4r Bowen2020 \u00e4ger rum<\/figcaption><\/figure>\n\n\n\n<p>Ta m\u00f6jligheten att kombinera julklapp och ny\u00e5rsl\u00f6fte och ge dig sj\u00e4lv en upplevelse? Just ni kan du anm\u00e4la till \u201dearly bird &#8211; pris&#8221; Speciellt f\u00f6r dig! <\/p>\n\n\n\n<p><strong>Jag tycker det ska bli kul att tr\u00e4ffa dig i S\u00f6rbyn p\u00e5 Bowen2020!<\/strong><\/p>\n\n\n\n<p>Anm\u00e4l dig h\u00e4r  <a href=\"https:\/\/bowen2020.com\/register\">https:\/\/bowen2020.com\/register<\/a> <\/p>\n\n\n\n<p>Vill du l\u00e4sa mer om Bowen?  <a href=\"https:\/\/thebowencenter.org\/theory\/\">https:\/\/thebowencenter.org\/theory\/<\/a> <\/p>\n\n\n\n<p>Vill du l\u00e4sa mer om mitt arbete:   <a href=\"http:\/\/msimonsson.se\/bowens-systemteori-organisationsutveckling-gaxsjomodellen\/\">http:\/\/msimonsson.se\/bowens-systemteori-organisationsutveckling-gaxsjomodellen\/<\/a> <\/p>\n\n\n\n<p>Vill du k\u00f6pa boken &#8221;Den stressade organisationen &#8211; varf\u00f6r smarta f\u00f6retag g\u00f6r korkade saker&#8221; av Jeffrey Miller, uppl\u00e4st av mig?  <a href=\"http:\/\/msimonsson.se\/den-stressade-organisationen\/\">http:\/\/msimonsson.se\/den-stressade-organisationen\/<\/a> <\/p>\n\n\n\n<p><\/p>\n\n\n\n<p><\/p>\n\n\n\n<h2 class=\"wp-block-heading\">Christmas Gift, New Year Resolutions and a participation in Bowen2020<\/h2>\n\n\n\n<p>It is December. Snow and the scent of pine. Christmas carols and peacefulness. A time for Christmas thoughts and New Year Resolutions. Or perhaps both in a package of its own. A very special package filled with education, development and exciting exchanges of thoughts. A decision to participate in the 3rd international Bowen Conference will give you all you wish for. <\/p>\n\n\n\n<figure class=\"wp-block-image size-large\"><img decoding=\"async\" src=\"http:\/\/media.msimonsson.se\/2019\/12\/20171217_160810-1024x768.jpg\" alt=\"\" class=\"wp-image-5018\"\/><figcaption>A December afternoon I dream about the summer and Bowen2020!<\/figcaption><\/figure>\n\n\n\n<p>Right now it is at its darkest here in Scandinavia. Outside it is dark more often than not, it is cold with plenty of snow.&nbsp; But indoors the fireplace and candle lights create a feeling of cozy comfort.&nbsp; This is when I will sit down and ponder over the year to come. What do I want? What am I looking forward to? This year I am anticipating the summer with both anxiousness and joy.<\/p>\n\n\n\n<blockquote class=\"wp-block-quote is-style-large is-layout-flow wp-block-quote-is-layout-flow\"><p>Theme Managing Relations in a Changing World \u2013 Bowen Theory in Organizations, Families and Communities\u201d <\/p><\/blockquote>\n\n\n\n<p>During the last year and a half our work group has planned and worked for the 3rd International Bowen Conference, Bowen2020. It was last held in May 2018 in Hong Kong. Now the Bowen2020 will be an interesting different experience. In S\u00f6rbyn, Swedish Lapland we will be far away from the crowded city life of Hong Kong. Instead it will be an experience in the magnificent nature of R\u00e5ne river valley. In the midst of the summer light participants from all over the world will gather. For three days we will listen to seminars, meet and mingle. <\/p>\n\n\n\n<figure class=\"wp-block-image size-large\"><img decoding=\"async\" src=\"http:\/\/media.msimonsson.se\/2019\/12\/20190628_075614-1024x768.jpg\" alt=\"\" class=\"wp-image-5023\"\/><figcaption>During Bowen2020 you can also take time and see the reindeers<\/figcaption><\/figure>\n\n\n\n<p>As I will be presenting my own work with Bowen Theory as a good and\nunderstandable tool for anxious organizations, I have a lot of anticipation of\nmy own. &nbsp;By sharing our experiences we\nlearn from each other. That is how I and many others working with Bowen Theory\nkeep on developing. That makes my own anticipation a blend with anxiety. Then\nsix months do not feel so very far away! <\/p>\n\n\n\n<p>Bowen2020 has the theme\u201dManaging Relations in a Changing World \u2013 Bowen Theory in Organizations, Families and Communities\u201d. Such is the broadness in Bowen Theory. It is a theory about the interplay between people. It is a method to understand organizations, families and society. We basically behave the same if we are at home or at work. To understand how we interact in emotional systems, how we affect each other and react is the basis of the Bowen theory. During the three days of Bowen2020, June 15 \u2013 17, participants from all over the World will meet in the R\u00e5ne river valley. We will discuss, listen to many short seminars and mingle in land of the Midnight sun. <\/p>\n\n\n\n<figure class=\"wp-block-image size-large\"><img decoding=\"async\" src=\"http:\/\/media.msimonsson.se\/2019\/12\/33045712_1695593930494320_5509467756774293504_n-2-1024x620.jpg\" alt=\"\" class=\"wp-image-5024\"\/><figcaption>Kerstins Sofia Andersson, the project leader, and I presenting Bowen2020 in Hong Kong<\/figcaption><\/figure>\n\n\n\n<p>Take the opportunity to combine Christmas gifts and New Year\u2019s resolutions and give yourself a memorable experience! Right now you can sign up at an\u201dearly bird\u201d price. Just for you! <\/p>\n\n\n\n<p><strong>I am looking forward to meet you in S\u00f6rbyn at Bowen2020!<\/strong><\/p>\n\n\n\n<p> Sign up here:  <a href=\"https:\/\/bowen2020.com\/register\">https:\/\/bowen2020.com\/register<\/a>  <\/p>\n\n\n\n<p>Want to know more about Bowen Theory? http<a href=\"https:\/\/thebowencenter.org\/theory\/\">s:\/\/thebowencenter.org\/theory\/<\/a>  <\/p>\n\n\n\n<p><\/p>\n","protected":false},"excerpt":{"rendered":"<p>For English scroll down Det \u00e4r december. Sn\u00f6 och granris. Juls\u00e5nger och julfrid. Tiden f\u00f6r julklappstankar och ny\u00e5rsl\u00f6ften. Eller kanske b\u00e5da delarna i ett enda paket. Ett alldeles s\u00e5dant, fyllt med utbildning, utveckling och sp\u00e4nnande tankeutbyten. En anm\u00e4lan till den 3:e Internationella konferensen i Bowens systemteori, Bowen2020 ger dig allt det du \u00f6nskar! Just nu [&hellip;]<\/p>\n","protected":false},"author":4,"featured_media":5017,"comment_status":"open","ping_status":"open","sticky":false,"template":"","format":"standard","meta":{"_et_pb_use_builder":"","_et_pb_old_content":"","_et_gb_content_width":"","footnotes":""},"categories":[16,31,69,32,27],"tags":[104,106],"class_list":["post-5008","post","type-post","status-publish","format-standard","has-post-thumbnail","hentry","category-aktuellt","category-bowen-systemteori","category-ledarskap","category-personligt-ledarskap","category-situationsanpassat-ledarskap","tag-korkadebeslut","tag-stressadeorganisationer"],"yoast_head":"<!-- This site is optimized with the Yoast SEO plugin v26.8 - https:\/\/yoast.com\/product\/yoast-seo-wordpress\/ -->\n<title>Julklapp, ny\u00e5rsl\u00f6fte och en anm\u00e4lan till Bowen2020 - Marie Simonsson %<\/title>\n<meta name=\"description\" content=\"Bowen2020 en konferens f\u00f6r f\u00f6rdjupning i Bowens systemteori f\u00f6r stressade organisationer. Med Bowens systemteori kan du l\u00e4ra dig g\u00f6ra skillnad!\" \/>\n<meta name=\"robots\" content=\"index, follow, max-snippet:-1, max-image-preview:large, max-video-preview:-1\" \/>\n<link rel=\"canonical\" href=\"https:\/\/msimonsson.se\/index.php\/2019\/12\/09\/julklapp-nyarslofte-och-en-anmalan-till-bowen2020\/\" \/>\n<meta property=\"og:locale\" content=\"sv_SE\" \/>\n<meta property=\"og:type\" content=\"article\" \/>\n<meta property=\"og:title\" content=\"Julklapp, ny\u00e5rsl\u00f6fte och en anm\u00e4lan till Bowen2020 - Marie Simonsson %\" \/>\n<meta property=\"og:description\" content=\"Bowen2020 en konferens f\u00f6r f\u00f6rdjupning i Bowens systemteori f\u00f6r stressade organisationer. Med Bowens systemteori kan du l\u00e4ra dig g\u00f6ra skillnad!\" \/>\n<meta property=\"og:url\" content=\"https:\/\/msimonsson.se\/index.php\/2019\/12\/09\/julklapp-nyarslofte-och-en-anmalan-till-bowen2020\/\" \/>\n<meta property=\"og:site_name\" content=\"Marie Simonsson\" \/>\n<meta property=\"article:publisher\" content=\"https:\/\/www.facebook.com\/msimonsson.se\" \/>\n<meta property=\"article:published_time\" content=\"2019-12-09T12:29:06+00:00\" \/>\n<meta property=\"og:image\" content=\"https:\/\/msimonsson.se\/wp-content\/uploads\/2019\/12\/20171224_082329_resized.jpg\" \/>\n\t<meta property=\"og:image:width\" content=\"1008\" \/>\n\t<meta property=\"og:image:height\" content=\"756\" \/>\n\t<meta property=\"og:image:type\" content=\"image\/jpeg\" \/>\n<meta name=\"author\" content=\"Marie Simonsson\" \/>\n<meta name=\"twitter:card\" content=\"summary_large_image\" \/>\n<meta name=\"twitter:label1\" content=\"Skriven av\" \/>\n\t<meta name=\"twitter:data1\" content=\"Marie Simonsson\" \/>\n\t<meta name=\"twitter:label2\" content=\"Ber\u00e4knad l\u00e4stid\" \/>\n\t<meta name=\"twitter:data2\" content=\"6 minuter\" \/>\n<script type=\"application\/ld+json\" class=\"yoast-schema-graph\">{\"@context\":\"https:\/\/schema.org\",\"@graph\":[{\"@type\":\"Article\",\"@id\":\"https:\/\/msimonsson.se\/index.php\/2019\/12\/09\/julklapp-nyarslofte-och-en-anmalan-till-bowen2020\/#article\",\"isPartOf\":{\"@id\":\"https:\/\/msimonsson.se\/index.php\/2019\/12\/09\/julklapp-nyarslofte-och-en-anmalan-till-bowen2020\/\"},\"author\":{\"name\":\"Marie Simonsson\",\"@id\":\"https:\/\/msimonsson.se\/#\/schema\/person\/c1f6d7642c2de3211be0a8bf810f4ac0\"},\"headline\":\"Julklapp, ny\u00e5rsl\u00f6fte och en anm\u00e4lan till Bowen2020\",\"datePublished\":\"2019-12-09T12:29:06+00:00\",\"mainEntityOfPage\":{\"@id\":\"https:\/\/msimonsson.se\/index.php\/2019\/12\/09\/julklapp-nyarslofte-och-en-anmalan-till-bowen2020\/\"},\"wordCount\":1140,\"commentCount\":0,\"publisher\":{\"@id\":\"https:\/\/msimonsson.se\/#organization\"},\"image\":{\"@id\":\"https:\/\/msimonsson.se\/index.php\/2019\/12\/09\/julklapp-nyarslofte-och-en-anmalan-till-bowen2020\/#primaryimage\"},\"thumbnailUrl\":\"https:\/\/msimonsson.se\/wp-content\/uploads\/2019\/12\/20171224_082329_resized.jpg\",\"keywords\":[\"#korkadebeslut\",\"#stressadeorganisationer\"],\"articleSection\":[\"Aktuellt\",\"Bowen Systemteori\",\"Ledarskap\",\"Personligt ledarskap\",\"Situationsanpassat ledarskap\"],\"inLanguage\":\"sv-SE\",\"potentialAction\":[{\"@type\":\"CommentAction\",\"name\":\"Comment\",\"target\":[\"https:\/\/msimonsson.se\/index.php\/2019\/12\/09\/julklapp-nyarslofte-och-en-anmalan-till-bowen2020\/#respond\"]}]},{\"@type\":\"WebPage\",\"@id\":\"https:\/\/msimonsson.se\/index.php\/2019\/12\/09\/julklapp-nyarslofte-och-en-anmalan-till-bowen2020\/\",\"url\":\"https:\/\/msimonsson.se\/index.php\/2019\/12\/09\/julklapp-nyarslofte-och-en-anmalan-till-bowen2020\/\",\"name\":\"Julklapp, ny\u00e5rsl\u00f6fte och en anm\u00e4lan till Bowen2020 - Marie Simonsson %\",\"isPartOf\":{\"@id\":\"https:\/\/msimonsson.se\/#website\"},\"primaryImageOfPage\":{\"@id\":\"https:\/\/msimonsson.se\/index.php\/2019\/12\/09\/julklapp-nyarslofte-och-en-anmalan-till-bowen2020\/#primaryimage\"},\"image\":{\"@id\":\"https:\/\/msimonsson.se\/index.php\/2019\/12\/09\/julklapp-nyarslofte-och-en-anmalan-till-bowen2020\/#primaryimage\"},\"thumbnailUrl\":\"https:\/\/msimonsson.se\/wp-content\/uploads\/2019\/12\/20171224_082329_resized.jpg\",\"datePublished\":\"2019-12-09T12:29:06+00:00\",\"description\":\"Bowen2020 en konferens f\u00f6r f\u00f6rdjupning i Bowens systemteori f\u00f6r stressade organisationer. Med Bowens systemteori kan du l\u00e4ra dig g\u00f6ra skillnad!\",\"breadcrumb\":{\"@id\":\"https:\/\/msimonsson.se\/index.php\/2019\/12\/09\/julklapp-nyarslofte-och-en-anmalan-till-bowen2020\/#breadcrumb\"},\"inLanguage\":\"sv-SE\",\"potentialAction\":[{\"@type\":\"ReadAction\",\"target\":[\"https:\/\/msimonsson.se\/index.php\/2019\/12\/09\/julklapp-nyarslofte-och-en-anmalan-till-bowen2020\/\"]}]},{\"@type\":\"ImageObject\",\"inLanguage\":\"sv-SE\",\"@id\":\"https:\/\/msimonsson.se\/index.php\/2019\/12\/09\/julklapp-nyarslofte-och-en-anmalan-till-bowen2020\/#primaryimage\",\"url\":\"https:\/\/msimonsson.se\/wp-content\/uploads\/2019\/12\/20171224_082329_resized.jpg\",\"contentUrl\":\"https:\/\/msimonsson.se\/wp-content\/uploads\/2019\/12\/20171224_082329_resized.jpg\",\"width\":1008,\"height\":756},{\"@type\":\"BreadcrumbList\",\"@id\":\"https:\/\/msimonsson.se\/index.php\/2019\/12\/09\/julklapp-nyarslofte-och-en-anmalan-till-bowen2020\/#breadcrumb\",\"itemListElement\":[{\"@type\":\"ListItem\",\"position\":1,\"name\":\"Hem\",\"item\":\"https:\/\/msimonsson.se\/\"},{\"@type\":\"ListItem\",\"position\":2,\"name\":\"Julklapp, ny\u00e5rsl\u00f6fte och en anm\u00e4lan till Bowen2020\"}]},{\"@type\":\"WebSite\",\"@id\":\"https:\/\/msimonsson.se\/#website\",\"url\":\"https:\/\/msimonsson.se\/\",\"name\":\"Marie Simonsson Business Consulting\",\"description\":\"Business Consulting\",\"publisher\":{\"@id\":\"https:\/\/msimonsson.se\/#organization\"},\"potentialAction\":[{\"@type\":\"SearchAction\",\"target\":{\"@type\":\"EntryPoint\",\"urlTemplate\":\"https:\/\/msimonsson.se\/?s={search_term_string}\"},\"query-input\":{\"@type\":\"PropertyValueSpecification\",\"valueRequired\":true,\"valueName\":\"search_term_string\"}}],\"inLanguage\":\"sv-SE\"},{\"@type\":\"Organization\",\"@id\":\"https:\/\/msimonsson.se\/#organization\",\"name\":\"Marie Simonsson Business Consulting\",\"url\":\"https:\/\/msimonsson.se\/\",\"logo\":{\"@type\":\"ImageObject\",\"inLanguage\":\"sv-SE\",\"@id\":\"https:\/\/msimonsson.se\/#\/schema\/logo\/image\/\",\"url\":\"https:\/\/msimonsson.se\/wp-content\/uploads\/2023\/08\/Marie_Simonsson_business_consulting.jpg\",\"contentUrl\":\"https:\/\/msimonsson.se\/wp-content\/uploads\/2023\/08\/Marie_Simonsson_business_consulting.jpg\",\"width\":645,\"height\":144,\"caption\":\"Marie Simonsson Business Consulting\"},\"image\":{\"@id\":\"https:\/\/msimonsson.se\/#\/schema\/logo\/image\/\"},\"sameAs\":[\"https:\/\/www.facebook.com\/msimonsson.se\",\"https:\/\/www.instagram.com\/msimonssonab\/\"]},{\"@type\":\"Person\",\"@id\":\"https:\/\/msimonsson.se\/#\/schema\/person\/c1f6d7642c2de3211be0a8bf810f4ac0\",\"name\":\"Marie Simonsson\",\"image\":{\"@type\":\"ImageObject\",\"inLanguage\":\"sv-SE\",\"@id\":\"https:\/\/msimonsson.se\/#\/schema\/person\/image\/\",\"url\":\"https:\/\/secure.gravatar.com\/avatar\/d2aa79522fb63fd956693647b35d907a5829de559b544536c1f8995f26685673?s=96&d=mm&r=g\",\"contentUrl\":\"https:\/\/secure.gravatar.com\/avatar\/d2aa79522fb63fd956693647b35d907a5829de559b544536c1f8995f26685673?s=96&d=mm&r=g\",\"caption\":\"Marie Simonsson\"},\"url\":\"https:\/\/msimonsson.se\/index.php\/author\/marie\/\"}]}<\/script>\n<!-- \/ Yoast SEO plugin. -->","yoast_head_json":{"title":"Julklapp, ny\u00e5rsl\u00f6fte och en anm\u00e4lan till Bowen2020 - Marie Simonsson %","description":"Bowen2020 en konferens f\u00f6r f\u00f6rdjupning i Bowens systemteori f\u00f6r stressade organisationer. Med Bowens systemteori kan du l\u00e4ra dig g\u00f6ra skillnad!","robots":{"index":"index","follow":"follow","max-snippet":"max-snippet:-1","max-image-preview":"max-image-preview:large","max-video-preview":"max-video-preview:-1"},"canonical":"https:\/\/msimonsson.se\/index.php\/2019\/12\/09\/julklapp-nyarslofte-och-en-anmalan-till-bowen2020\/","og_locale":"sv_SE","og_type":"article","og_title":"Julklapp, ny\u00e5rsl\u00f6fte och en anm\u00e4lan till Bowen2020 - Marie Simonsson %","og_description":"Bowen2020 en konferens f\u00f6r f\u00f6rdjupning i Bowens systemteori f\u00f6r stressade organisationer. Med Bowens systemteori kan du l\u00e4ra dig g\u00f6ra skillnad!","og_url":"https:\/\/msimonsson.se\/index.php\/2019\/12\/09\/julklapp-nyarslofte-och-en-anmalan-till-bowen2020\/","og_site_name":"Marie Simonsson","article_publisher":"https:\/\/www.facebook.com\/msimonsson.se","article_published_time":"2019-12-09T12:29:06+00:00","og_image":[{"width":1008,"height":756,"url":"https:\/\/msimonsson.se\/wp-content\/uploads\/2019\/12\/20171224_082329_resized.jpg","type":"image\/jpeg"}],"author":"Marie Simonsson","twitter_card":"summary_large_image","twitter_misc":{"Skriven av":"Marie Simonsson","Ber\u00e4knad l\u00e4stid":"6 minuter"},"schema":{"@context":"https:\/\/schema.org","@graph":[{"@type":"Article","@id":"https:\/\/msimonsson.se\/index.php\/2019\/12\/09\/julklapp-nyarslofte-och-en-anmalan-till-bowen2020\/#article","isPartOf":{"@id":"https:\/\/msimonsson.se\/index.php\/2019\/12\/09\/julklapp-nyarslofte-och-en-anmalan-till-bowen2020\/"},"author":{"name":"Marie Simonsson","@id":"https:\/\/msimonsson.se\/#\/schema\/person\/c1f6d7642c2de3211be0a8bf810f4ac0"},"headline":"Julklapp, ny\u00e5rsl\u00f6fte och en anm\u00e4lan till Bowen2020","datePublished":"2019-12-09T12:29:06+00:00","mainEntityOfPage":{"@id":"https:\/\/msimonsson.se\/index.php\/2019\/12\/09\/julklapp-nyarslofte-och-en-anmalan-till-bowen2020\/"},"wordCount":1140,"commentCount":0,"publisher":{"@id":"https:\/\/msimonsson.se\/#organization"},"image":{"@id":"https:\/\/msimonsson.se\/index.php\/2019\/12\/09\/julklapp-nyarslofte-och-en-anmalan-till-bowen2020\/#primaryimage"},"thumbnailUrl":"https:\/\/msimonsson.se\/wp-content\/uploads\/2019\/12\/20171224_082329_resized.jpg","keywords":["#korkadebeslut","#stressadeorganisationer"],"articleSection":["Aktuellt","Bowen Systemteori","Ledarskap","Personligt ledarskap","Situationsanpassat ledarskap"],"inLanguage":"sv-SE","potentialAction":[{"@type":"CommentAction","name":"Comment","target":["https:\/\/msimonsson.se\/index.php\/2019\/12\/09\/julklapp-nyarslofte-och-en-anmalan-till-bowen2020\/#respond"]}]},{"@type":"WebPage","@id":"https:\/\/msimonsson.se\/index.php\/2019\/12\/09\/julklapp-nyarslofte-och-en-anmalan-till-bowen2020\/","url":"https:\/\/msimonsson.se\/index.php\/2019\/12\/09\/julklapp-nyarslofte-och-en-anmalan-till-bowen2020\/","name":"Julklapp, ny\u00e5rsl\u00f6fte och en anm\u00e4lan till Bowen2020 - Marie Simonsson %","isPartOf":{"@id":"https:\/\/msimonsson.se\/#website"},"primaryImageOfPage":{"@id":"https:\/\/msimonsson.se\/index.php\/2019\/12\/09\/julklapp-nyarslofte-och-en-anmalan-till-bowen2020\/#primaryimage"},"image":{"@id":"https:\/\/msimonsson.se\/index.php\/2019\/12\/09\/julklapp-nyarslofte-och-en-anmalan-till-bowen2020\/#primaryimage"},"thumbnailUrl":"https:\/\/msimonsson.se\/wp-content\/uploads\/2019\/12\/20171224_082329_resized.jpg","datePublished":"2019-12-09T12:29:06+00:00","description":"Bowen2020 en konferens f\u00f6r f\u00f6rdjupning i Bowens systemteori f\u00f6r stressade organisationer. Med Bowens systemteori kan du l\u00e4ra dig g\u00f6ra skillnad!","breadcrumb":{"@id":"https:\/\/msimonsson.se\/index.php\/2019\/12\/09\/julklapp-nyarslofte-och-en-anmalan-till-bowen2020\/#breadcrumb"},"inLanguage":"sv-SE","potentialAction":[{"@type":"ReadAction","target":["https:\/\/msimonsson.se\/index.php\/2019\/12\/09\/julklapp-nyarslofte-och-en-anmalan-till-bowen2020\/"]}]},{"@type":"ImageObject","inLanguage":"sv-SE","@id":"https:\/\/msimonsson.se\/index.php\/2019\/12\/09\/julklapp-nyarslofte-och-en-anmalan-till-bowen2020\/#primaryimage","url":"https:\/\/msimonsson.se\/wp-content\/uploads\/2019\/12\/20171224_082329_resized.jpg","contentUrl":"https:\/\/msimonsson.se\/wp-content\/uploads\/2019\/12\/20171224_082329_resized.jpg","width":1008,"height":756},{"@type":"BreadcrumbList","@id":"https:\/\/msimonsson.se\/index.php\/2019\/12\/09\/julklapp-nyarslofte-och-en-anmalan-till-bowen2020\/#breadcrumb","itemListElement":[{"@type":"ListItem","position":1,"name":"Hem","item":"https:\/\/msimonsson.se\/"},{"@type":"ListItem","position":2,"name":"Julklapp, ny\u00e5rsl\u00f6fte och en anm\u00e4lan till Bowen2020"}]},{"@type":"WebSite","@id":"https:\/\/msimonsson.se\/#website","url":"https:\/\/msimonsson.se\/","name":"Marie Simonsson Business Consulting","description":"Business Consulting","publisher":{"@id":"https:\/\/msimonsson.se\/#organization"},"potentialAction":[{"@type":"SearchAction","target":{"@type":"EntryPoint","urlTemplate":"https:\/\/msimonsson.se\/?s={search_term_string}"},"query-input":{"@type":"PropertyValueSpecification","valueRequired":true,"valueName":"search_term_string"}}],"inLanguage":"sv-SE"},{"@type":"Organization","@id":"https:\/\/msimonsson.se\/#organization","name":"Marie Simonsson Business Consulting","url":"https:\/\/msimonsson.se\/","logo":{"@type":"ImageObject","inLanguage":"sv-SE","@id":"https:\/\/msimonsson.se\/#\/schema\/logo\/image\/","url":"https:\/\/msimonsson.se\/wp-content\/uploads\/2023\/08\/Marie_Simonsson_business_consulting.jpg","contentUrl":"https:\/\/msimonsson.se\/wp-content\/uploads\/2023\/08\/Marie_Simonsson_business_consulting.jpg","width":645,"height":144,"caption":"Marie Simonsson Business Consulting"},"image":{"@id":"https:\/\/msimonsson.se\/#\/schema\/logo\/image\/"},"sameAs":["https:\/\/www.facebook.com\/msimonsson.se","https:\/\/www.instagram.com\/msimonssonab\/"]},{"@type":"Person","@id":"https:\/\/msimonsson.se\/#\/schema\/person\/c1f6d7642c2de3211be0a8bf810f4ac0","name":"Marie Simonsson","image":{"@type":"ImageObject","inLanguage":"sv-SE","@id":"https:\/\/msimonsson.se\/#\/schema\/person\/image\/","url":"https:\/\/secure.gravatar.com\/avatar\/d2aa79522fb63fd956693647b35d907a5829de559b544536c1f8995f26685673?s=96&d=mm&r=g","contentUrl":"https:\/\/secure.gravatar.com\/avatar\/d2aa79522fb63fd956693647b35d907a5829de559b544536c1f8995f26685673?s=96&d=mm&r=g","caption":"Marie Simonsson"},"url":"https:\/\/msimonsson.se\/index.php\/author\/marie\/"}]}},"_links":{"self":[{"href":"https:\/\/msimonsson.se\/index.php\/wp-json\/wp\/v2\/posts\/5008","targetHints":{"allow":["GET"]}}],"collection":[{"href":"https:\/\/msimonsson.se\/index.php\/wp-json\/wp\/v2\/posts"}],"about":[{"href":"https:\/\/msimonsson.se\/index.php\/wp-json\/wp\/v2\/types\/post"}],"author":[{"embeddable":true,"href":"https:\/\/msimonsson.se\/index.php\/wp-json\/wp\/v2\/users\/4"}],"replies":[{"embeddable":true,"href":"https:\/\/msimonsson.se\/index.php\/wp-json\/wp\/v2\/comments?post=5008"}],"version-history":[{"count":0,"href":"https:\/\/msimonsson.se\/index.php\/wp-json\/wp\/v2\/posts\/5008\/revisions"}],"wp:featuredmedia":[{"embeddable":true,"href":"https:\/\/msimonsson.se\/index.php\/wp-json\/wp\/v2\/media\/5017"}],"wp:attachment":[{"href":"https:\/\/msimonsson.se\/index.php\/wp-json\/wp\/v2\/media?parent=5008"}],"wp:term":[{"taxonomy":"category","embeddable":true,"href":"https:\/\/msimonsson.se\/index.php\/wp-json\/wp\/v2\/categories?post=5008"},{"taxonomy":"post_tag","embeddable":true,"href":"https:\/\/msimonsson.se\/index.php\/wp-json\/wp\/v2\/tags?post=5008"}],"curies":[{"name":"wp","href":"https:\/\/api.w.org\/{rel}","templated":true}]}}