{"id":26553,"date":"2022-07-10T17:22:13","date_gmt":"2022-07-10T15:22:13","guid":{"rendered":"http:\/\/msimonsson.se\/?p=26553"},"modified":"2022-07-10T17:22:13","modified_gmt":"2022-07-10T15:22:13","slug":"stressade-ledares-oformaga-till-ett-hallbart-ledarskap","status":"publish","type":"post","link":"https:\/\/msimonsson.se\/index.php\/2022\/07\/10\/stressade-ledares-oformaga-till-ett-hallbart-ledarskap\/","title":{"rendered":"Stressade ledares of\u00f6rm\u00e5ga till ett h\u00e5llbart ledarskap"},"content":{"rendered":"\n<p>L\u00e5t mig presentera f\u00f6rsta avsnittet i en Sommarf\u00f6ljetong i tre avsnitt om Bowens systemteori och hur du kan leva lugnare. &nbsp;Det tog femtio \u00e5r innan vi b\u00f6rjar begripa och efterfr\u00e5ga ett h\u00e5llbart ledarskap och h\u00e5llbara arbetsmilj\u00f6er. Redan1972 gav Dr. Murray Bowen en presentation f\u00f6r amerikanska \u201dEnvironmental Protection Agency\u201d. Han beskriver sitt arbete i boken \u201dFamily theory in clinical practice\u201d: \u201c(Han) var ombedd att skriva ett seminarium om hur man kan f\u00f6rutse m\u00e4nniskors reaktioner vid kriser\u201d. Resultatet blev <strong>\u201cSamh\u00e4lle, kriser och systemteori\u201d<\/strong><\/p>\n\n\n\n<p>Dr. Bowen identifierade en \u201ckonceptuell brygga\u201d mellan den emotionella processen i en familj och den i samh\u00e4llet. Det vill s\u00e4ga att \u00e4ven organisationer och samh\u00e4lle styrs av b\u00e5de rationella och emotionella (k\u00e4nslom\u00e4ssiga) system. I tider av r\u00e4dsla, oro och stress tenderar b\u00e5de familjer och organisationer att vara reaktiva och reagera med k\u00e4nslor snarare \u00e4n genomt\u00e4nkt och grundat p\u00e5 faktaunderlag.<\/p>\n\n\n\n<p>I sin presentation talade Dr. Bowen om \u201cSamh\u00e4llsregression\u201d. Det vill s\u00e4ga hur samh\u00e4llet, vi alla, tar s\u00e4mre beslut n\u00e4r de \u00e4r emotionellt baserade j\u00e4mf\u00f6rt med beslut grundade p\u00e5 sakfr\u00e5gor och fakta. N\u00e4r vi m\u00e4nniskor reagerar emotionellt blir det om\u00f6jligt att verkligen h\u00f6ra vad som s\u00e4gs. Han pekade ocks\u00e5 p\u00e5 hur sv\u00e5rt det \u00e4r f\u00f6r oss m\u00e4nniskor att byta fr\u00e5n det konventionella (individfokuserade) tankes\u00e4ttet till ett systemt\u00e4nkande. Han var inte ens s\u00e4ker p\u00e5 att vi n\u00e5gonsin kommer att helt kunna byta till systemt\u00e4nkande n\u00e4r det g\u00e4ller oss sj\u00e4lva. &nbsp;Helt enkelt f\u00f6r att<\/p>\n\n\n\n<blockquote class=\"wp-block-quote is-style-plain has-black-color has-text-color is-layout-flow wp-block-quote-is-layout-flow\"><p><strong><em>Systemteori fokuserar p\u00e5 vad m\u00e4nniskor g\u00f6r och inte hans\/hennes verbala f\u00f6rklaring om varf\u00f6r de g\u00f6r det<\/em><\/strong><\/p><cite>Dr. Murray Bowen<\/cite><\/blockquote>\n\n\n\n<h2 class=\"wp-block-heading\">Ett h\u00e5llbart ledarskap p\u00e5 alla niv\u00e5rer<\/h2>\n\n\n\n<p>De iakttagelser och resonemang som l\u00e5g till grund f\u00f6r hans resonemang g\u00e4llde h\u00e5llbarhet och m\u00e4nniskans of\u00f6rm\u00e5ga att se och f\u00f6rst\u00e5 att vi sj\u00e4lva m\u00e5ste f\u00f6r\u00e4ndra v\u00e5ra beteenden. Om vi vill uppn\u00e5 en verklig f\u00f6r\u00e4ndring och inte enbart kr\u00e4va att andra f\u00f6r\u00e4ndrar sina beteenden.<\/p>\n\n\n\n<p>Det g\u00e4llde b\u00e5de samh\u00e4lle och organisationer. Det h\u00e4r skapar en stor tr\u00f6ghet i vilja och f\u00f6rm\u00e5ga att genomf\u00f6ra n\u00f6dv\u00e4ndiga anpassningar och organisationsf\u00f6r\u00e4ndringar. N\u00e5gra av de saker han pekade p\u00e5 var:<\/p>\n\n\n\n<ul class=\"wp-block-list\"><li><em>Det finns en stor mots\u00e4gelse mellan vad m\u00e4nniskor s\u00e4ger och vad de g\u00f6r<\/em><\/li><li><em>Ett av sk\u00e4len \u00e4r en djupt rotat t\u00e4nkande i \u201corsak-och-verkan\u201d. M\u00e4nniskor s\u00f6ker orsaker f\u00f6r att f\u00f6rklara h\u00e4ndelser I sitt liv. Det \u00e4r inl\u00e4rt att allting som h\u00e4nder m\u00e5ste ha en specifik orsak.<\/em><\/li><li><em>En st\u00f6rre enhet (eller grupp) kan straffa en enskild medlem samtidigt kan en enskild medlem i en nyckelposition kan skada hela Gruppen<\/em><\/li><li><em>Under stress tenderar alla m\u00e4nniskor att antingen placera \u201cskulden\u201d utanf\u00f6r sig sj\u00e4lv (skuldbel\u00e4gga andra) eller inom sig sj\u00e4lv (egen skuldbel\u00e4ggning) eller att alternera mellan de b\u00e5da, vilket \u00e4r m\u00f6nstret i ett orsak-och-verkan-t\u00e4nkande<\/em><\/li><\/ul>\n\n\n\n<h2 class=\"wp-block-heading\">Femtio \u00e5r senare <\/h2>\n\n\n\n<p>Nu, femtio \u00e5r senare, befinner vi oss d\u00e4r Dr. Bowen f\u00f6rutsp\u00e5dde. Mitt i inte bara en kris utan flera<\/p>\n\n\n\n<ul class=\"wp-block-list\" type=\"1\"><li>Vi har haft en omfattande pandemi som dessutom utvecklades \u00f6ver tid<\/li><li>Vi b\u00f6rjar verkligen inse effekterna av klimat \u2013 och milj\u00f6f\u00f6r\u00e4ndringar. N\u00e5got som sker snabbare och n\u00e4rmare oss sj\u00e4lva \u00e4n vad vi velat acceptera.<\/li><li>Vi har en otrygg v\u00e4rldssituation med krig \u2013 och med oro f\u00f6r tillg\u00e5ngen p\u00e5 livsmedel<\/li><li>Teknik och digitalisering m\u00f6jligg\u00f6r helt andra arbetsm\u00f6nster men st\u00e4ller nya och f\u00f6r\u00e4ndrade krav p\u00e5 arbetsmilj\u00f6, ledarskap och medarbetarskap<\/li><li><strong>R\u00e4dsla f\u00f6r nya kriser, \u00e4ngslan och stress har f\u00f6rdubblats eller m\u00e5ngdubblats i de flesta organisationer och kraven p\u00e5 ledningarna att \u201cg\u00f6ra n\u00e5got\u201d (ok\u00e4nt vad) tenderar att \u00f6ka<\/strong><\/li><\/ul>\n\n\n\n<blockquote class=\"wp-block-quote is-style-plain has-small-font-size is-layout-flow wp-block-quote-is-layout-flow\"><p><em><strong>V\u00e5rt samh\u00e4lle \u00e4r inriktat p\u00e5 anv\u00e4ndningen av ett \u201dorsak-och-verkan-t\u00e4nkande\u201d och vidtar \u201csnabba l\u00f6sningar\u201d inriktade p\u00e5 symptomen vilket invaggar m\u00e4nniskor i tron att problemet \u00e4r l\u00f6st\u201d <\/strong><\/em><\/p><cite>Dr Murray Bowen<\/cite><\/blockquote>\n\n\n\n<p>Det h\u00e4r s\u00e4ttet att \u201dl\u00f6sa\u201d uppkommen stress och r\u00e4dsla \u00e4r ineffektivt och inneb\u00e4r att oron hela tiden \u00e5terkommer med \u00f6kad styrka eftersom den senaste \u201dsnabba l\u00f6sningen\u201d inte fungerade. Resultatet blev i st\u00e4llet fler tappade sugar och \u00e4nnu mer misstro mot ledningens f\u00f6rm\u00e5ga att motverka krisen. Det blir en tydligt ned\u00e5tg\u00e5ende spiral.<\/p>\n\n\n\n<p>\u201dKittet\u201d vid i samtalet runt fikabordet handlar om misslyckanden, r\u00e4dsla och oro. N\u00e5got som i sin tur normalt leder till enskilda individernas personliga \u201dsnabba l\u00f6sningen\u201d och behov att \u201dg\u00f6ra n\u00e5got\u201d. Det vanligaste \u00e4r d\u00e5 att hoppa p\u00e5 ett nytt jobb. I stort sett vad som helt \u201df\u00f6r det m\u00e5ste ju vara b\u00e4ttre\u201d. N\u00e5got som kan visa sig ge stora negativa privata effekter. Inte heller i det fallet fungerar den \u201dsnabba l\u00f6sningen\u201d.<\/p>\n\n\n\n<h2 class=\"wp-block-heading\">Sommarf\u00f6ljetongen i tre delar &#8211; om of\u00f6rm\u00e5gan att  arbeta med ett h\u00e5llbart ledarskap<\/h2>\n\n\n\n<p>Vad \u00e4r det d\u00e5 som kr\u00e4vs f\u00f6r en h\u00e5llbar arbetsmilj\u00f6? L\u00e4s mina kr\u00f6nikor. Varje s\u00f6ndag under juli 2022 kommer jag att beskriva Bowens systemteori som en metod f\u00f6r alla i arbetet med h\u00e5llbart ledarskap och en h\u00e5llbar arbetsplats f\u00f6r framtiden.<\/p>\n\n\n\n<p><strong>Det h\u00e4r \u00e4r det f\u00f6rsta avsnittet i min sommarf\u00f6ljetong i tre avsnitt om Bowens systemteori:<\/strong><\/p>\n\n\n\n<p><strong>S\u00f6ndag 17 juli: Systemteori som verktyg f\u00f6r en h\u00e5llbar arbetsdag<\/strong><\/p>\n\n\n\n<p><strong>S\u00f6ndag 24 juli: Under stress f\u00e5r vi alla korkade beteenden<\/strong><\/p>\n\n\n\n<figure class=\"wp-block-gallery alignleft has-nested-images columns-default is-cropped wp-block-gallery-1 is-layout-flex wp-block-gallery-is-layout-flex\">\n<figure class=\"wp-block-image size-large\"><img decoding=\"async\" data-id=\"26557\" src=\"http:\/\/media.msimonsson.se\/2022\/07\/20190925_142248-2-1024x616.jpg\" alt=\"\" class=\"wp-image-26557\"\/><\/figure>\n<figcaption class=\"blocks-gallery-caption\">&#8221;Den Stressade organisationen &#8211; varf\u00f6r smarta f\u00f6retag g\u00f6r korkade saker&#8221; av Jeffrey miller. I \u00f6vers\u00e4ttning av Marie Simonsson och inl\u00e4st som ljudbok av Marie Simonsson<\/figcaption><\/figure>\n\n\n\n<p>Vill du l\u00e4ra mer om hur du kan arbeta med Bowens systemteori som ett effektivt verktyg f\u00f6r att n\u00e5 en lugnare livssituation p\u00e5 b\u00e5de arbete och privat? D\u00e5 kan du antigen l\u00e4sa eller lyssna p\u00e5 Jeffrey Millers bok \u201dDen stressade organisationen \u2013 varf\u00f6r smarta f\u00f6retag g\u00f6r korkade saker som du kan k\u00f6pa h\u00e4r: <a href=\"http:\/\/msimonsson.se\/den-stressade-organisationen\/\" target=\"_blank\" rel=\"noreferrer noopener\">http:\/\/msimonsson.se\/den-stressade-organisationen\/<\/a><\/p>\n\n\n\n<p><\/p>\n\n\n\n<p><\/p>\n\n\n\n<p>Eller komma med p\u00e5 v\u00e5r inspirationsdag den 9 augusti hos HH&amp;S p\u00e5 plats i vackra G\u00e5xsj\u00f6. En hel kursdag om hur du l\u00e4r dig k\u00e4nna igen stressade beteenden hos dig sj\u00e4lv och andra och hur <strong>du kan v\u00e4lja att dra ner p\u00e5 stressen <\/strong>enbart genom att f\u00f6rst\u00e5 att du inte m\u00e5ste \u00e5ka med i den negativa spiralen!<\/p>\n\n\n\n<p>Vill du veta mer? Maila eller g\u00e5 in p\u00e5 &#8221;Event&#8221; tryck<a href=\"https:\/\/www.facebook.com\/events\/344045084421642\/?acontext=%7B%22event_action_history%22%3A[%7B%22extra_data%22%3A%22%22%2C%22mechanism%22%3A%22left_rail%22%2C%22surface%22%3A%22bookmark%22%7D%2C%7B%22extra_data%22%3A%22%22%2C%22mechanism%22%3A%22surface%22%2C%22surface%22%3A%22create_dialog%22%7D]%2C%22ref_notif_type%22%3Anull%7D\" target=\"_blank\" rel=\"noreferrer noopener\"> <strong>h\u00e4r<\/strong><\/a><\/p>\n","protected":false},"excerpt":{"rendered":"<p>L\u00e5t mig presentera f\u00f6rsta avsnittet i en Sommarf\u00f6ljetong i tre avsnitt om Bowens systemteori och hur du kan leva lugnare. &nbsp;Det tog femtio \u00e5r innan vi b\u00f6rjar begripa och efterfr\u00e5ga ett h\u00e5llbart ledarskap och h\u00e5llbara arbetsmilj\u00f6er. Redan1972 gav Dr. Murray Bowen en presentation f\u00f6r amerikanska \u201dEnvironmental Protection Agency\u201d. Han beskriver sitt arbete i boken \u201dFamily [&hellip;]<\/p>\n","protected":false},"author":4,"featured_media":26556,"comment_status":"open","ping_status":"open","sticky":false,"template":"","format":"standard","meta":{"_et_pb_use_builder":"","_et_pb_old_content":"","_et_gb_content_width":"","footnotes":""},"categories":[16,31,69,32,27,133],"tags":[145,33,146,106],"class_list":["post-26553","post","type-post","status-publish","format-standard","has-post-thumbnail","hentry","category-aktuellt","category-bowen-systemteori","category-ledarskap","category-personligt-ledarskap","category-situationsanpassat-ledarskap","category-stressade-organisationer","tag-arbetsmiljo","tag-bowenssystemteori","tag-ledarskap-2","tag-stressadeorganisationer"],"yoast_head":"<!-- This site is optimized with the Yoast SEO plugin v26.8 - https:\/\/yoast.com\/product\/yoast-seo-wordpress\/ -->\n<title>Stressade ledares of\u00f6rm\u00e5ga till ett h\u00e5llbart ledarskap - Marie Simonsson<\/title>\n<meta name=\"description\" content=\"Oro och stress minskar f\u00f6rm\u00e5gan till ett rationellt handlade. Den &quot;snabba l\u00f6sningen&quot; blir oemotst\u00e5ndlig och besluten tas p\u00e5 k\u00e4nsla inte fakta\" \/>\n<meta name=\"robots\" content=\"index, follow, max-snippet:-1, max-image-preview:large, max-video-preview:-1\" \/>\n<link rel=\"canonical\" href=\"https:\/\/msimonsson.se\/index.php\/2022\/07\/10\/stressade-ledares-oformaga-till-ett-hallbart-ledarskap\/\" \/>\n<meta property=\"og:locale\" content=\"sv_SE\" \/>\n<meta property=\"og:type\" content=\"article\" \/>\n<meta property=\"og:title\" content=\"Stressade ledares of\u00f6rm\u00e5ga till ett h\u00e5llbart ledarskap - Marie Simonsson\" \/>\n<meta property=\"og:description\" content=\"Oro och stress minskar f\u00f6rm\u00e5gan till ett rationellt handlade. Den &quot;snabba l\u00f6sningen&quot; blir oemotst\u00e5ndlig och besluten tas p\u00e5 k\u00e4nsla inte fakta\" \/>\n<meta property=\"og:url\" content=\"https:\/\/msimonsson.se\/index.php\/2022\/07\/10\/stressade-ledares-oformaga-till-ett-hallbart-ledarskap\/\" \/>\n<meta property=\"og:site_name\" content=\"Marie Simonsson\" \/>\n<meta property=\"article:publisher\" content=\"https:\/\/www.facebook.com\/msimonsson.se\" \/>\n<meta property=\"article:published_time\" content=\"2022-07-10T15:22:13+00:00\" \/>\n<meta property=\"og:image\" content=\"https:\/\/msimonsson.se\/wp-content\/uploads\/2022\/07\/canstockphoto93528439.jpg\" \/>\n\t<meta property=\"og:image:width\" content=\"800\" \/>\n\t<meta property=\"og:image:height\" content=\"309\" \/>\n\t<meta property=\"og:image:type\" content=\"image\/jpeg\" \/>\n<meta name=\"author\" content=\"Marie Simonsson\" \/>\n<meta name=\"twitter:card\" content=\"summary_large_image\" \/>\n<meta name=\"twitter:label1\" content=\"Skriven av\" \/>\n\t<meta name=\"twitter:data1\" content=\"Marie Simonsson\" \/>\n\t<meta name=\"twitter:label2\" content=\"Ber\u00e4knad l\u00e4stid\" \/>\n\t<meta name=\"twitter:data2\" content=\"5 minuter\" \/>\n<script type=\"application\/ld+json\" class=\"yoast-schema-graph\">{\"@context\":\"https:\/\/schema.org\",\"@graph\":[{\"@type\":\"Article\",\"@id\":\"https:\/\/msimonsson.se\/index.php\/2022\/07\/10\/stressade-ledares-oformaga-till-ett-hallbart-ledarskap\/#article\",\"isPartOf\":{\"@id\":\"https:\/\/msimonsson.se\/index.php\/2022\/07\/10\/stressade-ledares-oformaga-till-ett-hallbart-ledarskap\/\"},\"author\":{\"name\":\"Marie Simonsson\",\"@id\":\"https:\/\/msimonsson.se\/#\/schema\/person\/c1f6d7642c2de3211be0a8bf810f4ac0\"},\"headline\":\"Stressade ledares of\u00f6rm\u00e5ga till ett h\u00e5llbart ledarskap\",\"datePublished\":\"2022-07-10T15:22:13+00:00\",\"mainEntityOfPage\":{\"@id\":\"https:\/\/msimonsson.se\/index.php\/2022\/07\/10\/stressade-ledares-oformaga-till-ett-hallbart-ledarskap\/\"},\"wordCount\":1150,\"commentCount\":0,\"publisher\":{\"@id\":\"https:\/\/msimonsson.se\/#organization\"},\"image\":{\"@id\":\"https:\/\/msimonsson.se\/index.php\/2022\/07\/10\/stressade-ledares-oformaga-till-ett-hallbart-ledarskap\/#primaryimage\"},\"thumbnailUrl\":\"https:\/\/msimonsson.se\/wp-content\/uploads\/2022\/07\/canstockphoto93528439.jpg\",\"keywords\":[\"#arbetsmilj\u00f6\",\"#bowenssystemteori\",\"#ledarskap\",\"#stressadeorganisationer\"],\"articleSection\":[\"Aktuellt\",\"Bowen Systemteori\",\"Ledarskap\",\"Personligt ledarskap\",\"Situationsanpassat ledarskap\",\"Stressade organisationer\"],\"inLanguage\":\"sv-SE\",\"potentialAction\":[{\"@type\":\"CommentAction\",\"name\":\"Comment\",\"target\":[\"https:\/\/msimonsson.se\/index.php\/2022\/07\/10\/stressade-ledares-oformaga-till-ett-hallbart-ledarskap\/#respond\"]}]},{\"@type\":\"WebPage\",\"@id\":\"https:\/\/msimonsson.se\/index.php\/2022\/07\/10\/stressade-ledares-oformaga-till-ett-hallbart-ledarskap\/\",\"url\":\"https:\/\/msimonsson.se\/index.php\/2022\/07\/10\/stressade-ledares-oformaga-till-ett-hallbart-ledarskap\/\",\"name\":\"Stressade ledares of\u00f6rm\u00e5ga till ett h\u00e5llbart ledarskap - Marie Simonsson\",\"isPartOf\":{\"@id\":\"https:\/\/msimonsson.se\/#website\"},\"primaryImageOfPage\":{\"@id\":\"https:\/\/msimonsson.se\/index.php\/2022\/07\/10\/stressade-ledares-oformaga-till-ett-hallbart-ledarskap\/#primaryimage\"},\"image\":{\"@id\":\"https:\/\/msimonsson.se\/index.php\/2022\/07\/10\/stressade-ledares-oformaga-till-ett-hallbart-ledarskap\/#primaryimage\"},\"thumbnailUrl\":\"https:\/\/msimonsson.se\/wp-content\/uploads\/2022\/07\/canstockphoto93528439.jpg\",\"datePublished\":\"2022-07-10T15:22:13+00:00\",\"description\":\"Oro och stress minskar f\u00f6rm\u00e5gan till ett rationellt handlade. Den \\\"snabba l\u00f6sningen\\\" blir oemotst\u00e5ndlig och besluten tas p\u00e5 k\u00e4nsla inte fakta\",\"breadcrumb\":{\"@id\":\"https:\/\/msimonsson.se\/index.php\/2022\/07\/10\/stressade-ledares-oformaga-till-ett-hallbart-ledarskap\/#breadcrumb\"},\"inLanguage\":\"sv-SE\",\"potentialAction\":[{\"@type\":\"ReadAction\",\"target\":[\"https:\/\/msimonsson.se\/index.php\/2022\/07\/10\/stressade-ledares-oformaga-till-ett-hallbart-ledarskap\/\"]}]},{\"@type\":\"ImageObject\",\"inLanguage\":\"sv-SE\",\"@id\":\"https:\/\/msimonsson.se\/index.php\/2022\/07\/10\/stressade-ledares-oformaga-till-ett-hallbart-ledarskap\/#primaryimage\",\"url\":\"https:\/\/msimonsson.se\/wp-content\/uploads\/2022\/07\/canstockphoto93528439.jpg\",\"contentUrl\":\"https:\/\/msimonsson.se\/wp-content\/uploads\/2022\/07\/canstockphoto93528439.jpg\",\"width\":800,\"height\":309},{\"@type\":\"BreadcrumbList\",\"@id\":\"https:\/\/msimonsson.se\/index.php\/2022\/07\/10\/stressade-ledares-oformaga-till-ett-hallbart-ledarskap\/#breadcrumb\",\"itemListElement\":[{\"@type\":\"ListItem\",\"position\":1,\"name\":\"Hem\",\"item\":\"https:\/\/msimonsson.se\/\"},{\"@type\":\"ListItem\",\"position\":2,\"name\":\"Stressade ledares of\u00f6rm\u00e5ga till ett h\u00e5llbart ledarskap\"}]},{\"@type\":\"WebSite\",\"@id\":\"https:\/\/msimonsson.se\/#website\",\"url\":\"https:\/\/msimonsson.se\/\",\"name\":\"Marie Simonsson Business Consulting\",\"description\":\"Business Consulting\",\"publisher\":{\"@id\":\"https:\/\/msimonsson.se\/#organization\"},\"potentialAction\":[{\"@type\":\"SearchAction\",\"target\":{\"@type\":\"EntryPoint\",\"urlTemplate\":\"https:\/\/msimonsson.se\/?s={search_term_string}\"},\"query-input\":{\"@type\":\"PropertyValueSpecification\",\"valueRequired\":true,\"valueName\":\"search_term_string\"}}],\"inLanguage\":\"sv-SE\"},{\"@type\":\"Organization\",\"@id\":\"https:\/\/msimonsson.se\/#organization\",\"name\":\"Marie Simonsson Business Consulting\",\"url\":\"https:\/\/msimonsson.se\/\",\"logo\":{\"@type\":\"ImageObject\",\"inLanguage\":\"sv-SE\",\"@id\":\"https:\/\/msimonsson.se\/#\/schema\/logo\/image\/\",\"url\":\"https:\/\/msimonsson.se\/wp-content\/uploads\/2023\/08\/Marie_Simonsson_business_consulting.jpg\",\"contentUrl\":\"https:\/\/msimonsson.se\/wp-content\/uploads\/2023\/08\/Marie_Simonsson_business_consulting.jpg\",\"width\":645,\"height\":144,\"caption\":\"Marie Simonsson Business Consulting\"},\"image\":{\"@id\":\"https:\/\/msimonsson.se\/#\/schema\/logo\/image\/\"},\"sameAs\":[\"https:\/\/www.facebook.com\/msimonsson.se\",\"https:\/\/www.instagram.com\/msimonssonab\/\"]},{\"@type\":\"Person\",\"@id\":\"https:\/\/msimonsson.se\/#\/schema\/person\/c1f6d7642c2de3211be0a8bf810f4ac0\",\"name\":\"Marie Simonsson\",\"image\":{\"@type\":\"ImageObject\",\"inLanguage\":\"sv-SE\",\"@id\":\"https:\/\/msimonsson.se\/#\/schema\/person\/image\/\",\"url\":\"https:\/\/secure.gravatar.com\/avatar\/d2aa79522fb63fd956693647b35d907a5829de559b544536c1f8995f26685673?s=96&d=mm&r=g\",\"contentUrl\":\"https:\/\/secure.gravatar.com\/avatar\/d2aa79522fb63fd956693647b35d907a5829de559b544536c1f8995f26685673?s=96&d=mm&r=g\",\"caption\":\"Marie Simonsson\"},\"url\":\"https:\/\/msimonsson.se\/index.php\/author\/marie\/\"}]}<\/script>\n<!-- \/ Yoast SEO plugin. -->","yoast_head_json":{"title":"Stressade ledares of\u00f6rm\u00e5ga till ett h\u00e5llbart ledarskap - Marie Simonsson","description":"Oro och stress minskar f\u00f6rm\u00e5gan till ett rationellt handlade. Den \"snabba l\u00f6sningen\" blir oemotst\u00e5ndlig och besluten tas p\u00e5 k\u00e4nsla inte fakta","robots":{"index":"index","follow":"follow","max-snippet":"max-snippet:-1","max-image-preview":"max-image-preview:large","max-video-preview":"max-video-preview:-1"},"canonical":"https:\/\/msimonsson.se\/index.php\/2022\/07\/10\/stressade-ledares-oformaga-till-ett-hallbart-ledarskap\/","og_locale":"sv_SE","og_type":"article","og_title":"Stressade ledares of\u00f6rm\u00e5ga till ett h\u00e5llbart ledarskap - Marie Simonsson","og_description":"Oro och stress minskar f\u00f6rm\u00e5gan till ett rationellt handlade. Den \"snabba l\u00f6sningen\" blir oemotst\u00e5ndlig och besluten tas p\u00e5 k\u00e4nsla inte fakta","og_url":"https:\/\/msimonsson.se\/index.php\/2022\/07\/10\/stressade-ledares-oformaga-till-ett-hallbart-ledarskap\/","og_site_name":"Marie Simonsson","article_publisher":"https:\/\/www.facebook.com\/msimonsson.se","article_published_time":"2022-07-10T15:22:13+00:00","og_image":[{"width":800,"height":309,"url":"https:\/\/msimonsson.se\/wp-content\/uploads\/2022\/07\/canstockphoto93528439.jpg","type":"image\/jpeg"}],"author":"Marie Simonsson","twitter_card":"summary_large_image","twitter_misc":{"Skriven av":"Marie Simonsson","Ber\u00e4knad l\u00e4stid":"5 minuter"},"schema":{"@context":"https:\/\/schema.org","@graph":[{"@type":"Article","@id":"https:\/\/msimonsson.se\/index.php\/2022\/07\/10\/stressade-ledares-oformaga-till-ett-hallbart-ledarskap\/#article","isPartOf":{"@id":"https:\/\/msimonsson.se\/index.php\/2022\/07\/10\/stressade-ledares-oformaga-till-ett-hallbart-ledarskap\/"},"author":{"name":"Marie Simonsson","@id":"https:\/\/msimonsson.se\/#\/schema\/person\/c1f6d7642c2de3211be0a8bf810f4ac0"},"headline":"Stressade ledares of\u00f6rm\u00e5ga till ett h\u00e5llbart ledarskap","datePublished":"2022-07-10T15:22:13+00:00","mainEntityOfPage":{"@id":"https:\/\/msimonsson.se\/index.php\/2022\/07\/10\/stressade-ledares-oformaga-till-ett-hallbart-ledarskap\/"},"wordCount":1150,"commentCount":0,"publisher":{"@id":"https:\/\/msimonsson.se\/#organization"},"image":{"@id":"https:\/\/msimonsson.se\/index.php\/2022\/07\/10\/stressade-ledares-oformaga-till-ett-hallbart-ledarskap\/#primaryimage"},"thumbnailUrl":"https:\/\/msimonsson.se\/wp-content\/uploads\/2022\/07\/canstockphoto93528439.jpg","keywords":["#arbetsmilj\u00f6","#bowenssystemteori","#ledarskap","#stressadeorganisationer"],"articleSection":["Aktuellt","Bowen Systemteori","Ledarskap","Personligt ledarskap","Situationsanpassat ledarskap","Stressade organisationer"],"inLanguage":"sv-SE","potentialAction":[{"@type":"CommentAction","name":"Comment","target":["https:\/\/msimonsson.se\/index.php\/2022\/07\/10\/stressade-ledares-oformaga-till-ett-hallbart-ledarskap\/#respond"]}]},{"@type":"WebPage","@id":"https:\/\/msimonsson.se\/index.php\/2022\/07\/10\/stressade-ledares-oformaga-till-ett-hallbart-ledarskap\/","url":"https:\/\/msimonsson.se\/index.php\/2022\/07\/10\/stressade-ledares-oformaga-till-ett-hallbart-ledarskap\/","name":"Stressade ledares of\u00f6rm\u00e5ga till ett h\u00e5llbart ledarskap - Marie Simonsson","isPartOf":{"@id":"https:\/\/msimonsson.se\/#website"},"primaryImageOfPage":{"@id":"https:\/\/msimonsson.se\/index.php\/2022\/07\/10\/stressade-ledares-oformaga-till-ett-hallbart-ledarskap\/#primaryimage"},"image":{"@id":"https:\/\/msimonsson.se\/index.php\/2022\/07\/10\/stressade-ledares-oformaga-till-ett-hallbart-ledarskap\/#primaryimage"},"thumbnailUrl":"https:\/\/msimonsson.se\/wp-content\/uploads\/2022\/07\/canstockphoto93528439.jpg","datePublished":"2022-07-10T15:22:13+00:00","description":"Oro och stress minskar f\u00f6rm\u00e5gan till ett rationellt handlade. Den \"snabba l\u00f6sningen\" blir oemotst\u00e5ndlig och besluten tas p\u00e5 k\u00e4nsla inte fakta","breadcrumb":{"@id":"https:\/\/msimonsson.se\/index.php\/2022\/07\/10\/stressade-ledares-oformaga-till-ett-hallbart-ledarskap\/#breadcrumb"},"inLanguage":"sv-SE","potentialAction":[{"@type":"ReadAction","target":["https:\/\/msimonsson.se\/index.php\/2022\/07\/10\/stressade-ledares-oformaga-till-ett-hallbart-ledarskap\/"]}]},{"@type":"ImageObject","inLanguage":"sv-SE","@id":"https:\/\/msimonsson.se\/index.php\/2022\/07\/10\/stressade-ledares-oformaga-till-ett-hallbart-ledarskap\/#primaryimage","url":"https:\/\/msimonsson.se\/wp-content\/uploads\/2022\/07\/canstockphoto93528439.jpg","contentUrl":"https:\/\/msimonsson.se\/wp-content\/uploads\/2022\/07\/canstockphoto93528439.jpg","width":800,"height":309},{"@type":"BreadcrumbList","@id":"https:\/\/msimonsson.se\/index.php\/2022\/07\/10\/stressade-ledares-oformaga-till-ett-hallbart-ledarskap\/#breadcrumb","itemListElement":[{"@type":"ListItem","position":1,"name":"Hem","item":"https:\/\/msimonsson.se\/"},{"@type":"ListItem","position":2,"name":"Stressade ledares of\u00f6rm\u00e5ga till ett h\u00e5llbart ledarskap"}]},{"@type":"WebSite","@id":"https:\/\/msimonsson.se\/#website","url":"https:\/\/msimonsson.se\/","name":"Marie Simonsson Business Consulting","description":"Business Consulting","publisher":{"@id":"https:\/\/msimonsson.se\/#organization"},"potentialAction":[{"@type":"SearchAction","target":{"@type":"EntryPoint","urlTemplate":"https:\/\/msimonsson.se\/?s={search_term_string}"},"query-input":{"@type":"PropertyValueSpecification","valueRequired":true,"valueName":"search_term_string"}}],"inLanguage":"sv-SE"},{"@type":"Organization","@id":"https:\/\/msimonsson.se\/#organization","name":"Marie Simonsson Business Consulting","url":"https:\/\/msimonsson.se\/","logo":{"@type":"ImageObject","inLanguage":"sv-SE","@id":"https:\/\/msimonsson.se\/#\/schema\/logo\/image\/","url":"https:\/\/msimonsson.se\/wp-content\/uploads\/2023\/08\/Marie_Simonsson_business_consulting.jpg","contentUrl":"https:\/\/msimonsson.se\/wp-content\/uploads\/2023\/08\/Marie_Simonsson_business_consulting.jpg","width":645,"height":144,"caption":"Marie Simonsson Business Consulting"},"image":{"@id":"https:\/\/msimonsson.se\/#\/schema\/logo\/image\/"},"sameAs":["https:\/\/www.facebook.com\/msimonsson.se","https:\/\/www.instagram.com\/msimonssonab\/"]},{"@type":"Person","@id":"https:\/\/msimonsson.se\/#\/schema\/person\/c1f6d7642c2de3211be0a8bf810f4ac0","name":"Marie Simonsson","image":{"@type":"ImageObject","inLanguage":"sv-SE","@id":"https:\/\/msimonsson.se\/#\/schema\/person\/image\/","url":"https:\/\/secure.gravatar.com\/avatar\/d2aa79522fb63fd956693647b35d907a5829de559b544536c1f8995f26685673?s=96&d=mm&r=g","contentUrl":"https:\/\/secure.gravatar.com\/avatar\/d2aa79522fb63fd956693647b35d907a5829de559b544536c1f8995f26685673?s=96&d=mm&r=g","caption":"Marie Simonsson"},"url":"https:\/\/msimonsson.se\/index.php\/author\/marie\/"}]}},"_links":{"self":[{"href":"https:\/\/msimonsson.se\/index.php\/wp-json\/wp\/v2\/posts\/26553","targetHints":{"allow":["GET"]}}],"collection":[{"href":"https:\/\/msimonsson.se\/index.php\/wp-json\/wp\/v2\/posts"}],"about":[{"href":"https:\/\/msimonsson.se\/index.php\/wp-json\/wp\/v2\/types\/post"}],"author":[{"embeddable":true,"href":"https:\/\/msimonsson.se\/index.php\/wp-json\/wp\/v2\/users\/4"}],"replies":[{"embeddable":true,"href":"https:\/\/msimonsson.se\/index.php\/wp-json\/wp\/v2\/comments?post=26553"}],"version-history":[{"count":0,"href":"https:\/\/msimonsson.se\/index.php\/wp-json\/wp\/v2\/posts\/26553\/revisions"}],"wp:featuredmedia":[{"embeddable":true,"href":"https:\/\/msimonsson.se\/index.php\/wp-json\/wp\/v2\/media\/26556"}],"wp:attachment":[{"href":"https:\/\/msimonsson.se\/index.php\/wp-json\/wp\/v2\/media?parent=26553"}],"wp:term":[{"taxonomy":"category","embeddable":true,"href":"https:\/\/msimonsson.se\/index.php\/wp-json\/wp\/v2\/categories?post=26553"},{"taxonomy":"post_tag","embeddable":true,"href":"https:\/\/msimonsson.se\/index.php\/wp-json\/wp\/v2\/tags?post=26553"}],"curies":[{"name":"wp","href":"https:\/\/api.w.org\/{rel}","templated":true}]}}