{"id":1831,"date":"2019-03-13T07:48:54","date_gmt":"2019-03-13T06:48:54","guid":{"rendered":"http:\/\/msimonsson.se\/?p=1831"},"modified":"2019-03-13T07:48:54","modified_gmt":"2019-03-13T06:48:54","slug":"jobbiga-manniskor-en-dag-om-ledar-medarbetarskap","status":"publish","type":"post","link":"https:\/\/msimonsson.se\/index.php\/2019\/03\/13\/jobbiga-manniskor-en-dag-om-ledar-medarbetarskap\/","title":{"rendered":"&#8221;Jobbiga m\u00e4nniskor &#8211; en dag om ledar- &#038; medarbetarskap&#8221;"},"content":{"rendered":"<p>Alla m\u00e5ste vi ibland samarbeta med \u201djobbiga\u201d m\u00e4nniskor. Vi v\u00e4ljer inte v\u00e5ra arbetskamrater och ofta \u00e4r det n\u00e5gon som \u00e4r alldeles \u201dhoppl\u00f6s\u201d. Ofta beror det p\u00e5 personligheter och beteenden. Det avg\u00f6rande f\u00f6r trivsel och minskad stress i alla organisationer \u00e4r alla medarbetares personliga ledarskap och medarbetarskap.<\/p>\n<p>Under en kursdag hos HH&amp;S i G\u00e5xsj\u00f6 kan du och din organisation l\u00e4ra mer om varf\u00f6r det \u00e4r bra att vara olika. N\u00e4r du blir tryggare i ditt personliga ledarskap kommer du att uppt\u00e4cka att arbetskamraterna blir mindre jobbiga. Under dagen blandar vi teori och \u00f6vningar. Det \u00f6kar f\u00f6rst\u00e5elsen om hur alla kan arbeta med ett f\u00f6rb\u00e4ttrat ledar- och medarbetarskap. Kursledare \u00e4r Marie Simonsson.<\/p>\n<p><strong>Den 27 mars, kl. 9,00 \u2013 16,00<\/strong><\/p>\n<p>Pris: 2,900 kr ex moms<\/p>\n<p>I priset ing\u00e5r lunch och kursmaterial (h\u00f6r av dig f\u00f6r specialkost).<\/p>\n<p><em>(Anm\u00e4lan \u00e4r bindande och antalet platser \u00e4r begr\u00e4nsat, s\u00e5 det \u00e4r f\u00f6rst till kvarn som g\u00e4ller)<\/em><\/p>\n<p>Kursen ing\u00e5r i aff\u00e4rsutvecklingssatsningen &#8221;Lyft f\u00f6retaget&#8221;. D\u00e4rf\u00f6r f\u00e5r du ocks\u00e5 500 kronor rabatt om du vill g\u00e5 \u00e4ven\u00a0 den andra och\/eller tredje kursen i satsningen. L\u00e4s mer h\u00e4r p\u00e5 bloggen om &#8221;Lyft f\u00f6retaget&#8221;<\/p>\n<p>http:\/\/msimonsson.se\/lyft-foretaget-unna-dig-en-dagskurs-och-oka-lonsamheten\/<\/p>\n<p><strong>Var: HH&amp;S kursg\u00e5rd i G\u00e5xsj\u00f6 (vid kyrkan)<\/strong><\/p>\n<p><em>Ett kurserbjudande i samarbete mellan M Simonsson AB och HH&amp;S<\/em><\/p>\n<p><em>\u00a0<\/em><span style=\"font-size: 12pt;\"><strong>Anm\u00e4l till:<\/strong>\u00a0 \u00a0 \u00a0 \u00a0 \u00a0 \u00a0 \u00a0 \u00a0 \u00a0 \u00a0 \u00a0 \u00a0 \u00a0 \u00a0 \u00a0 \u00a0 \u00a0 \u00a0 \u00a0 \u00a0 \u00a0 \u00a0 \u00a0 \u00a0 \u00a0 \u00a0 \u00a0 \u00a0 \u00a0 \u00a0 \u00a0 \u00a0 \u00a0 \u00a0 \u00a0 \u00a0 \u00a0 \u00a0 \u00a0 \u00a0 \u00a0 \u00a0 \u00a0 \u00a0 \u00a0 \u00a0 \u00a0 \u00a0 \u00a0 \u00a0 \u00a0 \u00a0<strong>Mer info:<\/strong><\/span><\/p>\n<p><span style=\"font-size: 12pt;\"><a href=\"mailto:hogthettsakert@outlook.com\">hogthettsakert@outlook.com<\/a> 070 \u2013 219 4948<strong>\u00a0 \u00a0 \u00a0 \u00a0 \u00a0 \u00a0 \u00a0 \u00a0 \u00a0 \u00a0 \u00a0 \u00a0 \u00a0 \u00a0 \u00a0 \u00a0 \u00a0 \u00a0 \u00a0 \u00a0 \u00a0<\/strong><a href=\"mailto:marie@msimonsson.se\">marie@msimonsson.se<\/a> 070 \u2013 640 5960<\/span><\/p>\n<p><span style=\"font-size: 12pt;\"><a href=\"https:\/\/www.facebook.com\/hogthettsakert\/\">https:\/\/www.facebook.com\/hogthettsakert\/<\/a>\u00a0\u00a0\u00a0\u00a0\u00a0\u00a0\u00a0\u00a0\u00a0\u00a0\u00a0\u00a0\u00a0\u00a0\u00a0\u00a0\u00a0\u00a0\u00a0\u00a0\u00a0\u00a0\u00a0\u00a0\u00a0\u00a0\u00a0\u00a0\u00a0\u00a0\u00a0\u00a0\u00a0\u00a0\u00a0\u00a0\u00a0\u00a0\u00a0\u00a0\u00a0\u00a0\u00a0\u00a0\u00a0 <a href=\"https:\/\/www.facebook.com\/msimonsson.se\/\">https:\/\/facebook.com\/msimonsson.se\/<\/a><\/span><\/p>\n<p>&nbsp;<\/p>\n","protected":false},"excerpt":{"rendered":"<p>Alla m\u00e5ste vi ibland samarbeta med \u201djobbiga\u201d m\u00e4nniskor. Vi v\u00e4ljer inte v\u00e5ra arbetskamrater och ofta \u00e4r det n\u00e5gon som \u00e4r alldeles \u201dhoppl\u00f6s\u201d. Ofta beror det p\u00e5 personligheter och beteenden. Det avg\u00f6rande f\u00f6r trivsel och minskad stress i alla organisationer \u00e4r alla medarbetares personliga ledarskap och medarbetarskap. Under en kursdag hos HH&amp;S i G\u00e5xsj\u00f6 kan du [&hellip;]<\/p>\n","protected":false},"author":4,"featured_media":1804,"comment_status":"open","ping_status":"open","sticky":false,"template":"","format":"standard","meta":{"_et_pb_use_builder":"","_et_pb_old_content":"","_et_gb_content_width":"","footnotes":""},"categories":[24,16,29,69,32,27],"tags":[75,82,41,11],"class_list":["post-1831","post","type-post","status-publish","format-standard","has-post-thumbnail","hentry","category-affarsutveckling","category-aktuellt","category-foretagare-i-landsbygd","category-ledarskap","category-personligt-ledarskap","category-situationsanpassat-ledarskap","tag-jobbigamanniskor","tag-lyftforetaget","tag-medarbetarskap","tag-ledarskap"],"yoast_head":"<!-- This site is optimized with the Yoast SEO plugin v26.8 - https:\/\/yoast.com\/product\/yoast-seo-wordpress\/ -->\n<title>&quot;Jobbiga m\u00e4nniskor - en dag om ledar- &amp; medarbetarskap&quot; - Marie Simonsson<\/title>\n<meta name=\"robots\" content=\"index, follow, max-snippet:-1, max-image-preview:large, max-video-preview:-1\" \/>\n<link rel=\"canonical\" href=\"https:\/\/msimonsson.se\/index.php\/2019\/03\/13\/jobbiga-manniskor-en-dag-om-ledar-medarbetarskap\/\" \/>\n<meta property=\"og:locale\" content=\"sv_SE\" \/>\n<meta property=\"og:type\" content=\"article\" \/>\n<meta property=\"og:title\" content=\"&quot;Jobbiga m\u00e4nniskor - en dag om ledar- &amp; medarbetarskap&quot; - Marie Simonsson\" \/>\n<meta property=\"og:description\" content=\"Alla m\u00e5ste vi ibland samarbeta med \u201djobbiga\u201d m\u00e4nniskor. Vi v\u00e4ljer inte v\u00e5ra arbetskamrater och ofta \u00e4r det n\u00e5gon som \u00e4r alldeles \u201dhoppl\u00f6s\u201d. Ofta beror det p\u00e5 personligheter och beteenden. Det avg\u00f6rande f\u00f6r trivsel och minskad stress i alla organisationer \u00e4r alla medarbetares personliga ledarskap och medarbetarskap. Under en kursdag hos HH&amp;S i G\u00e5xsj\u00f6 kan du [&hellip;]\" \/>\n<meta property=\"og:url\" content=\"https:\/\/msimonsson.se\/index.php\/2019\/03\/13\/jobbiga-manniskor-en-dag-om-ledar-medarbetarskap\/\" \/>\n<meta property=\"og:site_name\" content=\"Marie Simonsson\" \/>\n<meta property=\"article:publisher\" content=\"https:\/\/www.facebook.com\/msimonsson.se\" \/>\n<meta property=\"article:published_time\" content=\"2019-03-13T06:48:54+00:00\" \/>\n<meta property=\"og:image\" content=\"https:\/\/msimonsson.se\/wp-content\/uploads\/2019\/01\/canstockphoto8149775.jpg\" \/>\n\t<meta property=\"og:image:width\" content=\"800\" \/>\n\t<meta property=\"og:image:height\" content=\"626\" \/>\n\t<meta property=\"og:image:type\" content=\"image\/jpeg\" \/>\n<meta name=\"author\" content=\"Marie Simonsson\" \/>\n<meta name=\"twitter:card\" content=\"summary_large_image\" \/>\n<meta name=\"twitter:label1\" content=\"Skriven av\" \/>\n\t<meta name=\"twitter:data1\" content=\"Marie Simonsson\" \/>\n\t<meta name=\"twitter:label2\" content=\"Ber\u00e4knad l\u00e4stid\" \/>\n\t<meta name=\"twitter:data2\" content=\"1 minut\" \/>\n<script type=\"application\/ld+json\" class=\"yoast-schema-graph\">{\"@context\":\"https:\/\/schema.org\",\"@graph\":[{\"@type\":\"Article\",\"@id\":\"https:\/\/msimonsson.se\/index.php\/2019\/03\/13\/jobbiga-manniskor-en-dag-om-ledar-medarbetarskap\/#article\",\"isPartOf\":{\"@id\":\"https:\/\/msimonsson.se\/index.php\/2019\/03\/13\/jobbiga-manniskor-en-dag-om-ledar-medarbetarskap\/\"},\"author\":{\"name\":\"Marie Simonsson\",\"@id\":\"https:\/\/msimonsson.se\/#\/schema\/person\/c1f6d7642c2de3211be0a8bf810f4ac0\"},\"headline\":\"&#8221;Jobbiga m\u00e4nniskor &#8211; en dag om ledar- &#038; medarbetarskap&#8221;\",\"datePublished\":\"2019-03-13T06:48:54+00:00\",\"mainEntityOfPage\":{\"@id\":\"https:\/\/msimonsson.se\/index.php\/2019\/03\/13\/jobbiga-manniskor-en-dag-om-ledar-medarbetarskap\/\"},\"wordCount\":270,\"commentCount\":0,\"publisher\":{\"@id\":\"https:\/\/msimonsson.se\/#organization\"},\"image\":{\"@id\":\"https:\/\/msimonsson.se\/index.php\/2019\/03\/13\/jobbiga-manniskor-en-dag-om-ledar-medarbetarskap\/#primaryimage\"},\"thumbnailUrl\":\"https:\/\/msimonsson.se\/wp-content\/uploads\/2019\/01\/canstockphoto8149775.jpg\",\"keywords\":[\"#jobbigam\u00e4nniskor\",\"#lyftf\u00f6retaget\",\"#medarbetarskap\",\"Ledarskap\"],\"articleSection\":[\"Aff\u00e4rsutveckling\",\"Aktuellt\",\"F\u00f6retagare i landsbygd\",\"Ledarskap\",\"Personligt ledarskap\",\"Situationsanpassat ledarskap\"],\"inLanguage\":\"sv-SE\",\"potentialAction\":[{\"@type\":\"CommentAction\",\"name\":\"Comment\",\"target\":[\"https:\/\/msimonsson.se\/index.php\/2019\/03\/13\/jobbiga-manniskor-en-dag-om-ledar-medarbetarskap\/#respond\"]}]},{\"@type\":\"WebPage\",\"@id\":\"https:\/\/msimonsson.se\/index.php\/2019\/03\/13\/jobbiga-manniskor-en-dag-om-ledar-medarbetarskap\/\",\"url\":\"https:\/\/msimonsson.se\/index.php\/2019\/03\/13\/jobbiga-manniskor-en-dag-om-ledar-medarbetarskap\/\",\"name\":\"\\\"Jobbiga m\u00e4nniskor - en dag om ledar- & medarbetarskap\\\" - Marie Simonsson\",\"isPartOf\":{\"@id\":\"https:\/\/msimonsson.se\/#website\"},\"primaryImageOfPage\":{\"@id\":\"https:\/\/msimonsson.se\/index.php\/2019\/03\/13\/jobbiga-manniskor-en-dag-om-ledar-medarbetarskap\/#primaryimage\"},\"image\":{\"@id\":\"https:\/\/msimonsson.se\/index.php\/2019\/03\/13\/jobbiga-manniskor-en-dag-om-ledar-medarbetarskap\/#primaryimage\"},\"thumbnailUrl\":\"https:\/\/msimonsson.se\/wp-content\/uploads\/2019\/01\/canstockphoto8149775.jpg\",\"datePublished\":\"2019-03-13T06:48:54+00:00\",\"breadcrumb\":{\"@id\":\"https:\/\/msimonsson.se\/index.php\/2019\/03\/13\/jobbiga-manniskor-en-dag-om-ledar-medarbetarskap\/#breadcrumb\"},\"inLanguage\":\"sv-SE\",\"potentialAction\":[{\"@type\":\"ReadAction\",\"target\":[\"https:\/\/msimonsson.se\/index.php\/2019\/03\/13\/jobbiga-manniskor-en-dag-om-ledar-medarbetarskap\/\"]}]},{\"@type\":\"ImageObject\",\"inLanguage\":\"sv-SE\",\"@id\":\"https:\/\/msimonsson.se\/index.php\/2019\/03\/13\/jobbiga-manniskor-en-dag-om-ledar-medarbetarskap\/#primaryimage\",\"url\":\"https:\/\/msimonsson.se\/wp-content\/uploads\/2019\/01\/canstockphoto8149775.jpg\",\"contentUrl\":\"https:\/\/msimonsson.se\/wp-content\/uploads\/2019\/01\/canstockphoto8149775.jpg\",\"width\":800,\"height\":626},{\"@type\":\"BreadcrumbList\",\"@id\":\"https:\/\/msimonsson.se\/index.php\/2019\/03\/13\/jobbiga-manniskor-en-dag-om-ledar-medarbetarskap\/#breadcrumb\",\"itemListElement\":[{\"@type\":\"ListItem\",\"position\":1,\"name\":\"Hem\",\"item\":\"https:\/\/msimonsson.se\/\"},{\"@type\":\"ListItem\",\"position\":2,\"name\":\"&#8221;Jobbiga m\u00e4nniskor &#8211; en dag om ledar- &#038; medarbetarskap&#8221;\"}]},{\"@type\":\"WebSite\",\"@id\":\"https:\/\/msimonsson.se\/#website\",\"url\":\"https:\/\/msimonsson.se\/\",\"name\":\"Marie Simonsson Business Consulting\",\"description\":\"Business Consulting\",\"publisher\":{\"@id\":\"https:\/\/msimonsson.se\/#organization\"},\"potentialAction\":[{\"@type\":\"SearchAction\",\"target\":{\"@type\":\"EntryPoint\",\"urlTemplate\":\"https:\/\/msimonsson.se\/?s={search_term_string}\"},\"query-input\":{\"@type\":\"PropertyValueSpecification\",\"valueRequired\":true,\"valueName\":\"search_term_string\"}}],\"inLanguage\":\"sv-SE\"},{\"@type\":\"Organization\",\"@id\":\"https:\/\/msimonsson.se\/#organization\",\"name\":\"Marie Simonsson Business Consulting\",\"url\":\"https:\/\/msimonsson.se\/\",\"logo\":{\"@type\":\"ImageObject\",\"inLanguage\":\"sv-SE\",\"@id\":\"https:\/\/msimonsson.se\/#\/schema\/logo\/image\/\",\"url\":\"https:\/\/msimonsson.se\/wp-content\/uploads\/2023\/08\/Marie_Simonsson_business_consulting.jpg\",\"contentUrl\":\"https:\/\/msimonsson.se\/wp-content\/uploads\/2023\/08\/Marie_Simonsson_business_consulting.jpg\",\"width\":645,\"height\":144,\"caption\":\"Marie Simonsson Business Consulting\"},\"image\":{\"@id\":\"https:\/\/msimonsson.se\/#\/schema\/logo\/image\/\"},\"sameAs\":[\"https:\/\/www.facebook.com\/msimonsson.se\",\"https:\/\/www.instagram.com\/msimonssonab\/\"]},{\"@type\":\"Person\",\"@id\":\"https:\/\/msimonsson.se\/#\/schema\/person\/c1f6d7642c2de3211be0a8bf810f4ac0\",\"name\":\"Marie Simonsson\",\"image\":{\"@type\":\"ImageObject\",\"inLanguage\":\"sv-SE\",\"@id\":\"https:\/\/msimonsson.se\/#\/schema\/person\/image\/\",\"url\":\"https:\/\/secure.gravatar.com\/avatar\/d2aa79522fb63fd956693647b35d907a5829de559b544536c1f8995f26685673?s=96&d=mm&r=g\",\"contentUrl\":\"https:\/\/secure.gravatar.com\/avatar\/d2aa79522fb63fd956693647b35d907a5829de559b544536c1f8995f26685673?s=96&d=mm&r=g\",\"caption\":\"Marie Simonsson\"},\"url\":\"https:\/\/msimonsson.se\/index.php\/author\/marie\/\"}]}<\/script>\n<!-- \/ Yoast SEO plugin. -->","yoast_head_json":{"title":"\"Jobbiga m\u00e4nniskor - en dag om ledar- & medarbetarskap\" - Marie Simonsson","robots":{"index":"index","follow":"follow","max-snippet":"max-snippet:-1","max-image-preview":"max-image-preview:large","max-video-preview":"max-video-preview:-1"},"canonical":"https:\/\/msimonsson.se\/index.php\/2019\/03\/13\/jobbiga-manniskor-en-dag-om-ledar-medarbetarskap\/","og_locale":"sv_SE","og_type":"article","og_title":"\"Jobbiga m\u00e4nniskor - en dag om ledar- & medarbetarskap\" - Marie Simonsson","og_description":"Alla m\u00e5ste vi ibland samarbeta med \u201djobbiga\u201d m\u00e4nniskor. Vi v\u00e4ljer inte v\u00e5ra arbetskamrater och ofta \u00e4r det n\u00e5gon som \u00e4r alldeles \u201dhoppl\u00f6s\u201d. Ofta beror det p\u00e5 personligheter och beteenden. Det avg\u00f6rande f\u00f6r trivsel och minskad stress i alla organisationer \u00e4r alla medarbetares personliga ledarskap och medarbetarskap. Under en kursdag hos HH&amp;S i G\u00e5xsj\u00f6 kan du [&hellip;]","og_url":"https:\/\/msimonsson.se\/index.php\/2019\/03\/13\/jobbiga-manniskor-en-dag-om-ledar-medarbetarskap\/","og_site_name":"Marie Simonsson","article_publisher":"https:\/\/www.facebook.com\/msimonsson.se","article_published_time":"2019-03-13T06:48:54+00:00","og_image":[{"width":800,"height":626,"url":"https:\/\/msimonsson.se\/wp-content\/uploads\/2019\/01\/canstockphoto8149775.jpg","type":"image\/jpeg"}],"author":"Marie Simonsson","twitter_card":"summary_large_image","twitter_misc":{"Skriven av":"Marie Simonsson","Ber\u00e4knad l\u00e4stid":"1 minut"},"schema":{"@context":"https:\/\/schema.org","@graph":[{"@type":"Article","@id":"https:\/\/msimonsson.se\/index.php\/2019\/03\/13\/jobbiga-manniskor-en-dag-om-ledar-medarbetarskap\/#article","isPartOf":{"@id":"https:\/\/msimonsson.se\/index.php\/2019\/03\/13\/jobbiga-manniskor-en-dag-om-ledar-medarbetarskap\/"},"author":{"name":"Marie Simonsson","@id":"https:\/\/msimonsson.se\/#\/schema\/person\/c1f6d7642c2de3211be0a8bf810f4ac0"},"headline":"&#8221;Jobbiga m\u00e4nniskor &#8211; en dag om ledar- &#038; medarbetarskap&#8221;","datePublished":"2019-03-13T06:48:54+00:00","mainEntityOfPage":{"@id":"https:\/\/msimonsson.se\/index.php\/2019\/03\/13\/jobbiga-manniskor-en-dag-om-ledar-medarbetarskap\/"},"wordCount":270,"commentCount":0,"publisher":{"@id":"https:\/\/msimonsson.se\/#organization"},"image":{"@id":"https:\/\/msimonsson.se\/index.php\/2019\/03\/13\/jobbiga-manniskor-en-dag-om-ledar-medarbetarskap\/#primaryimage"},"thumbnailUrl":"https:\/\/msimonsson.se\/wp-content\/uploads\/2019\/01\/canstockphoto8149775.jpg","keywords":["#jobbigam\u00e4nniskor","#lyftf\u00f6retaget","#medarbetarskap","Ledarskap"],"articleSection":["Aff\u00e4rsutveckling","Aktuellt","F\u00f6retagare i landsbygd","Ledarskap","Personligt ledarskap","Situationsanpassat ledarskap"],"inLanguage":"sv-SE","potentialAction":[{"@type":"CommentAction","name":"Comment","target":["https:\/\/msimonsson.se\/index.php\/2019\/03\/13\/jobbiga-manniskor-en-dag-om-ledar-medarbetarskap\/#respond"]}]},{"@type":"WebPage","@id":"https:\/\/msimonsson.se\/index.php\/2019\/03\/13\/jobbiga-manniskor-en-dag-om-ledar-medarbetarskap\/","url":"https:\/\/msimonsson.se\/index.php\/2019\/03\/13\/jobbiga-manniskor-en-dag-om-ledar-medarbetarskap\/","name":"\"Jobbiga m\u00e4nniskor - en dag om ledar- & medarbetarskap\" - Marie Simonsson","isPartOf":{"@id":"https:\/\/msimonsson.se\/#website"},"primaryImageOfPage":{"@id":"https:\/\/msimonsson.se\/index.php\/2019\/03\/13\/jobbiga-manniskor-en-dag-om-ledar-medarbetarskap\/#primaryimage"},"image":{"@id":"https:\/\/msimonsson.se\/index.php\/2019\/03\/13\/jobbiga-manniskor-en-dag-om-ledar-medarbetarskap\/#primaryimage"},"thumbnailUrl":"https:\/\/msimonsson.se\/wp-content\/uploads\/2019\/01\/canstockphoto8149775.jpg","datePublished":"2019-03-13T06:48:54+00:00","breadcrumb":{"@id":"https:\/\/msimonsson.se\/index.php\/2019\/03\/13\/jobbiga-manniskor-en-dag-om-ledar-medarbetarskap\/#breadcrumb"},"inLanguage":"sv-SE","potentialAction":[{"@type":"ReadAction","target":["https:\/\/msimonsson.se\/index.php\/2019\/03\/13\/jobbiga-manniskor-en-dag-om-ledar-medarbetarskap\/"]}]},{"@type":"ImageObject","inLanguage":"sv-SE","@id":"https:\/\/msimonsson.se\/index.php\/2019\/03\/13\/jobbiga-manniskor-en-dag-om-ledar-medarbetarskap\/#primaryimage","url":"https:\/\/msimonsson.se\/wp-content\/uploads\/2019\/01\/canstockphoto8149775.jpg","contentUrl":"https:\/\/msimonsson.se\/wp-content\/uploads\/2019\/01\/canstockphoto8149775.jpg","width":800,"height":626},{"@type":"BreadcrumbList","@id":"https:\/\/msimonsson.se\/index.php\/2019\/03\/13\/jobbiga-manniskor-en-dag-om-ledar-medarbetarskap\/#breadcrumb","itemListElement":[{"@type":"ListItem","position":1,"name":"Hem","item":"https:\/\/msimonsson.se\/"},{"@type":"ListItem","position":2,"name":"&#8221;Jobbiga m\u00e4nniskor &#8211; en dag om ledar- &#038; medarbetarskap&#8221;"}]},{"@type":"WebSite","@id":"https:\/\/msimonsson.se\/#website","url":"https:\/\/msimonsson.se\/","name":"Marie Simonsson Business Consulting","description":"Business Consulting","publisher":{"@id":"https:\/\/msimonsson.se\/#organization"},"potentialAction":[{"@type":"SearchAction","target":{"@type":"EntryPoint","urlTemplate":"https:\/\/msimonsson.se\/?s={search_term_string}"},"query-input":{"@type":"PropertyValueSpecification","valueRequired":true,"valueName":"search_term_string"}}],"inLanguage":"sv-SE"},{"@type":"Organization","@id":"https:\/\/msimonsson.se\/#organization","name":"Marie Simonsson Business Consulting","url":"https:\/\/msimonsson.se\/","logo":{"@type":"ImageObject","inLanguage":"sv-SE","@id":"https:\/\/msimonsson.se\/#\/schema\/logo\/image\/","url":"https:\/\/msimonsson.se\/wp-content\/uploads\/2023\/08\/Marie_Simonsson_business_consulting.jpg","contentUrl":"https:\/\/msimonsson.se\/wp-content\/uploads\/2023\/08\/Marie_Simonsson_business_consulting.jpg","width":645,"height":144,"caption":"Marie Simonsson Business Consulting"},"image":{"@id":"https:\/\/msimonsson.se\/#\/schema\/logo\/image\/"},"sameAs":["https:\/\/www.facebook.com\/msimonsson.se","https:\/\/www.instagram.com\/msimonssonab\/"]},{"@type":"Person","@id":"https:\/\/msimonsson.se\/#\/schema\/person\/c1f6d7642c2de3211be0a8bf810f4ac0","name":"Marie Simonsson","image":{"@type":"ImageObject","inLanguage":"sv-SE","@id":"https:\/\/msimonsson.se\/#\/schema\/person\/image\/","url":"https:\/\/secure.gravatar.com\/avatar\/d2aa79522fb63fd956693647b35d907a5829de559b544536c1f8995f26685673?s=96&d=mm&r=g","contentUrl":"https:\/\/secure.gravatar.com\/avatar\/d2aa79522fb63fd956693647b35d907a5829de559b544536c1f8995f26685673?s=96&d=mm&r=g","caption":"Marie Simonsson"},"url":"https:\/\/msimonsson.se\/index.php\/author\/marie\/"}]}},"_links":{"self":[{"href":"https:\/\/msimonsson.se\/index.php\/wp-json\/wp\/v2\/posts\/1831","targetHints":{"allow":["GET"]}}],"collection":[{"href":"https:\/\/msimonsson.se\/index.php\/wp-json\/wp\/v2\/posts"}],"about":[{"href":"https:\/\/msimonsson.se\/index.php\/wp-json\/wp\/v2\/types\/post"}],"author":[{"embeddable":true,"href":"https:\/\/msimonsson.se\/index.php\/wp-json\/wp\/v2\/users\/4"}],"replies":[{"embeddable":true,"href":"https:\/\/msimonsson.se\/index.php\/wp-json\/wp\/v2\/comments?post=1831"}],"version-history":[{"count":0,"href":"https:\/\/msimonsson.se\/index.php\/wp-json\/wp\/v2\/posts\/1831\/revisions"}],"wp:featuredmedia":[{"embeddable":true,"href":"https:\/\/msimonsson.se\/index.php\/wp-json\/wp\/v2\/media\/1804"}],"wp:attachment":[{"href":"https:\/\/msimonsson.se\/index.php\/wp-json\/wp\/v2\/media?parent=1831"}],"wp:term":[{"taxonomy":"category","embeddable":true,"href":"https:\/\/msimonsson.se\/index.php\/wp-json\/wp\/v2\/categories?post=1831"},{"taxonomy":"post_tag","embeddable":true,"href":"https:\/\/msimonsson.se\/index.php\/wp-json\/wp\/v2\/tags?post=1831"}],"curies":[{"name":"wp","href":"https:\/\/api.w.org\/{rel}","templated":true}]}}