{"id":17772,"date":"2021-06-12T16:57:11","date_gmt":"2021-06-12T14:57:11","guid":{"rendered":"http:\/\/msimonsson.se\/?p=17772"},"modified":"2021-06-12T16:57:11","modified_gmt":"2021-06-12T14:57:11","slug":"uppstart-eller-omstart-summer-bootcamp-for-alla","status":"publish","type":"post","link":"https:\/\/msimonsson.se\/index.php\/2021\/06\/12\/uppstart-eller-omstart-summer-bootcamp-for-alla\/","title":{"rendered":"Uppstart eller omstart \u2013 Summer Bootcamp f\u00f6r alla"},"content":{"rendered":"\n<p>Funderar du p\u00e5 hur det blir nu \u2013 \u201dpost Corona\u201d? \u00c4r du p\u00e5 v\u00e4g att starta upp ditt f\u00f6retag? Eller beh\u00f6ver du kanske bara en rej\u00e4l vitamininjektion inf\u00f6r h\u00f6stens uppstart. N\u00e4r verksamheten nu ska k\u00f6ra ig\u00e5ng igen \u201dnormalt\u201d efter en ett och ett halvs \u00e5rs hackande resa med hemarbete, f\u00f6r\u00e4ndrade kundm\u00f6ten och nya beteenden? D\u00e5 \u00e4r <strong>Summer<\/strong> <strong>Bootcamp i G\u00e5xsj\u00f6<\/strong> kanske det &#8221;tr\u00e4ningsl\u00e4ger&#8221; som du, dina arbetskamrater och er organisation beh\u00f6ver. I samarbete med HH&amp;S i G\u00e5xsj\u00f6 erbjuder vi en serie dagskurser i verksamhetsutveckling inf\u00f6r h\u00f6stens uppstart. Utan k\u00e4ngor! F\u00f6r er som vill ligga steget f\u00f6re!<\/p>\n\n\n\n<div class=\"wp-block-image\"><figure class=\"alignleft size-large is-resized\"><img loading=\"lazy\" decoding=\"async\" src=\"http:\/\/msimonsson.se\/wp-content\/uploads\/2021\/06\/bootcamp-21-2-1024x1024.jpg\" alt=\"\" class=\"wp-image-17775\" width=\"290\" height=\"290\"\/><figcaption>under v\u00e5r Summer Bootcamp f\u00e5r du teori, praktik och praktiska verktyg<\/figcaption><\/figure><\/div>\n\n\n\n<p>Det \u00e4r verkligen ingen sj\u00e4lvklarhet att \u00e5terg\u00e5ngen till jobbet \u00e4r helt enkel. Under ett och ett halvt \u00e5r har m\u00e5nga verksamheter haft en besv\u00e4rlig resa med scheman, begr\u00e4nsade m\u00f6ten och tusen och ett online m\u00f6ten. Effektiva m\u00f6ten javisst. Men all forskning visar p\u00e5 flera intressanta fakta:<\/p>\n\n\n\n<p><\/p>\n\n\n\n<h2 class=\"has-text-align-center wp-block-heading\">Efter ett och ett halvt \u00e5r med online m\u00f6ten<\/h2>\n\n\n\n<ol class=\"wp-block-list\" type=\"1\"><li><em>Vi bygger inga bra relationer online, snarare \u00e5stadkommer tekniken att vi \u00f6kar distansen inom arbetsgruppen<\/em><\/li><li><em>Irritation och sm\u00e5konflikter \u201dligger och gror\u201d. Det finns ingen naturlig tr\u00e4ffpunkt vid fikat eller kaffeautomaten d\u00e4r vi kan redan ut missf\u00f6rst\u00e5nd<\/em><\/li><li><em>Mimiken eller bristen p\u00e5 ansiktsuttryck f\u00f6rstoras och misstolkas d\u00e4rf\u00f6r mycket l\u00e4ttare. Det skapar os\u00e4kerhet och otrygghet i relationer<\/em><\/li><li><em>Det som h\u00e4nder \u201dutanf\u00f6r rutan\u201d tolkas och missf\u00f6rst\u00e5s. \u00c4ven h\u00e4r skapas otrygghet om vad som h\u00e4nder i det andra rummet<\/em><\/li><li><em>Tekniken kan i sig sj\u00e4lvt skapa os\u00e4kerhet och oro. N\u00e4r vi tex \u201ddimmar\u201d bakgrunden s\u00e5 riskerat mottagaren att omedvetet tolka det som att vi har n\u00e5got att d\u00f6lja. Vad \u00e4r det som man inte vill ber\u00e4tta eller visa?<\/em><\/li><li><em>Faran med m\u00f6ten d\u00e4r vi \u201dmultitaskar\u201d har \u00f6kat markant \u2013 och unders\u00f6kningar visar att m\u00f6tesdeltagare ljuger mycket mer ofta \u2013 OCH bryr sig inte om ifall det uppt\u00e4cks.<\/em><\/li><li><em>V\u00e5rt kroppsspr\u00e5k \u201dljuger\u201d online. N\u00e4r jag  tror jag ser dig i \u00f6gonen tittar jag i verkligheten ner i sk\u00e4rmen, inte upp i kameran. Jag framst\u00e5r d\u00e4rmed som mindre \u00e4rlig. Os\u00e4kerheten \u00f6kar\u2026<\/em><\/li><\/ol>\n\n\n\n<div class=\"wp-block-image\"><figure class=\"alignright size-large is-resized\"><img loading=\"lazy\" decoding=\"async\" src=\"http:\/\/msimonsson.se\/wp-content\/uploads\/2021\/06\/canstockphoto81483104.jpg\" alt=\"\" class=\"wp-image-17776\" width=\"267\" height=\"177\"\/><figcaption>Vi ser oss sj\u00e4lv &#8211; och j\u00e4mf\u00f6r &#8211; hela tiden!<\/figcaption><\/figure><\/div>\n\n\n\n<h3 class=\"wp-block-heading\">I rutan kan \u00e4ven sj\u00e4lvk\u00e4nslan kan rubbas <\/h3>\n\n\n\n<ol class=\"wp-block-list\" type=\"1\"><li><em>Sist men inte minst \u2013 sj\u00e4lvk\u00e4nslan f\u00e5r sig emellan\u00e5t en t\u00f6rn n\u00e4r vi ser oss sj\u00e4lva hela tiden. Vi kanske inte alltid ser ut som vi \u00f6nskar. I det verkliga m\u00f6tet slipper vi st\u00e4ndigt ha en bilden av oss sj\u00e4lva framf\u00f6r \u00f6gonen. D\u00e5 beh\u00e5ller vi koncentrationen p\u00e5 motparten.<\/em><\/li><\/ol>\n\n\n\n<h2 class=\"wp-block-heading\">D\u00e5 borde v\u00e4l allt bli bra nu&#8230;<\/h2>\n\n\n\n<p>S\u00e5.. om det \u00e4r en massa problem med onlinem\u00f6ten \u2013 d\u00e5 borde allt vara frid och fr\u00f6jd n\u00e4r vi g\u00e5r tillbaka till arbetsplatsen i h\u00f6st. \u201dS\u00e5 varf\u00f6r skulle vi d\u00e5 beh\u00f6va <strong>Summer Bootcamp<\/strong>\u201d kanske n\u00e5gon av er t\u00e4nker. Och det kan l\u00e5ta alldeles r\u00e4tt. Men&#8230; tyv\u00e4rr, irritation, missf\u00f6rst\u00e5nd och konflikter ligger i v\u00e5ra emotionella system. Det \u00e4r k\u00e4nslor av oro och stress som styr v\u00e5ra reaktioner. Inte fakta, analys och eftertanke (som ligger i v\u00e5rt rationella system). P\u00e5 arbetsplatsen beh\u00f6ver det <strong>emotionella systemet<\/strong> (relationerna) vara n\u00e5gorlunda i harmoni med v\u00e5rt <strong>rationella system<\/strong> (strukturer, befattningar och regelverk). Om nu sm\u00e5konflikter och irritation  ligger och pyr mellan anst\u00e4llda. Sm\u00e5 brasor som inte lyfts om under l\u00e5ng tid. Ogillande som de ber\u00f6rda inte kunnat hantera det \u00f6ver fikabordet eller i personliga samtal p\u00e5 jobbet, ja d\u00e5 \u00e4r systemen inte l\u00e4ngre i harmoni. D\u00e5 kommer det emotionella systemets oro att vara styrande. <\/p>\n\n\n\n<div class=\"wp-block-image\"><figure class=\"alignleft size-large is-resized\"><img loading=\"lazy\" decoding=\"async\" src=\"http:\/\/msimonsson.se\/wp-content\/uploads\/2021\/06\/canstockphoto10730093.jpg\" alt=\"\" class=\"wp-image-17777\" width=\"252\" height=\"167\"\/><figcaption>Balans i systemen \u00e4r n\u00f6dv\u00e4ndigt f\u00f6r trygghet inom arbetsgruppen<\/figcaption><\/figure><\/div>\n\n\n\n<h3 class=\"wp-block-heading\">N\u00e4r systemen inte \u00e4r i harmoni uppst\u00e5r otrygghet<\/h3>\n\n\n\n<p>I v\u00e4rsta fall kan det vara k\u00e4nslan att ha blivit kr\u00e4nkt eller missf\u00f6rst\u00e5dd som leder till reaktioner d\u00e4r r\u00e4dsla, oro och ilska tar \u00f6verhanden. Med andra ord, konflikten f\u00f6ljer med in p\u00e5 arbetsplatsen. V\u00e4l d\u00e4r kommer fler att dras med in i oron och i v\u00e4rsta fall ocks\u00e5 \u201dv\u00e4rvas\u201d med i konflikten. De upplever att de m\u00e5ste v\u00e4lja sida. Och Simsalabim \u2013 n\u00e5got som fr\u00e5n b\u00f6rjan var en bagatell eller till och med ett missf\u00f6rst\u00e5nd p\u00e5 grund av arbetsmilj\u00f6n online har helt pl\u00f6tsligt blivit ett alldeles reellt medarbetarproblem och en arbetsmilj\u00f6fr\u00e5ga.<\/p>\n\n\n\n<h2 class=\"wp-block-heading\">Bowens systemteori och Summer Bootcamp<\/h2>\n\n\n\n<p>Jag arbetar med de h\u00e4r fr\u00e5gorna och med Bowens systemteori som ger en systemm\u00e4ssig bild av varf\u00f6r den h\u00e4r typen av \u201dg\u00e4ngbildningar\u201d, fraktioner och \u201dpakter\u201d kan uppst\u00e5 i grupper med duktiga och intelligenta m\u00e4nniskor. I systemteorin kan vi ocks\u00e5 se m\u00f6jligheterna att genom \u00e4ndrade beteenden kan en enda person p\u00e5verka hela gruppens stressniv\u00e5. En enda person kan stoppa den negativa spiralen. <strong>P\u00e5 en enda dag kan du l\u00e4ra dig mer om hur du kan bli den f\u00f6r\u00e4ndringsagenten.<\/strong> Men tyv\u00e4rr, det \u00e4r som med alla andra beteendef\u00f6r\u00e4ndringar. Det tar en dag att f\u00f6rst\u00e5, och veckor att l\u00e4ra om inl\u00e4rda beteenden. Men det \u00e4r inte alls om\u00f6jligt, Och bara genom att f\u00f6rst\u00e5 kommer du att skapa ett lugn kring dig sj\u00e4lv och din egen situation. Kanske \u00e4r det den b\u00e4sta anledningen att unna dig <strong>Summer Bootcamp<\/strong>?<\/p>\n\n\n\n<h3 class=\"wp-block-heading\">Mer \u00e4r enbart Summer Bootcamp<\/h3>\n\n\n\n<div class=\"wp-block-image\"><figure class=\"alignright size-large is-resized\"><img loading=\"lazy\" decoding=\"async\" src=\"http:\/\/msimonsson.se\/wp-content\/uploads\/2021\/06\/canstockphoto3844094.jpg\" alt=\"\" class=\"wp-image-17778\" width=\"305\" height=\"227\"\/><figcaption>Det r\u00e4cker med en enda person f\u00f6r att den negativa r\u00f6relsen ska stoppas upp!<\/figcaption><\/figure><\/div>\n\n\n\n<p>Vi erbjuder flera kurser kring de h\u00e4r fr\u00e5gorna och hur de p\u00e5verkar de allra flesta verksamheter. I sommar har vi tagit fram tre stycken \u201dcrash courses\u201d inom v\u00e5rt <strong>Summer Bootcamp<\/strong> samarbete med HH&amp;S i G\u00e5xsj\u00f6. Tanken \u00e4r att det ska vara lite \u201dsommarkul\u201d kring kurserna samtidigt som det kan ge stor nytta inf\u00f6r h\u00f6sten. Det \u00e4r tre olika kurser inom omr\u00e5det ledarskap, medarbetarskap och l\u00f6nsamhet. Under kursdagen med Marie Simonsson kombineras teori med praktik s\u00e5 att du ocks\u00e5 f\u00e5r \u00f6va. Vi kommer att begr\u00e4nsa antalet deltagare trots att det \u00e4r gott om plats i lokalen. S\u00e5\u2026 f\u00f6rst till kvarn g\u00e4ller.<\/p>\n\n\n\n<h2 class=\"has-text-color wp-block-heading\" style=\"color:#0a80b3\">Summer Bootcamp 2021 &#8211; \u00c4ndrade datum<\/h2>\n\n\n\n<p>Ibland \u00e4r det l\u00e4tt att vara alldels f\u00f6r optimistisk&#8230; eller att tro att sommaren r\u00e4cker hur l\u00e4nge som helst. Oavsett vilket s\u00e5 har jag nu landat i en viss eftertanke. Inneh\u00e5ll och datum \u00e4r d\u00e4rf\u00f6r justerade!<\/p>\n\n\n\n<p class=\"has-black-color has-text-color\"><strong>2 augusti: \u00a0\u00a0\u00a0\u00a0\u00a0\u00a0\u00a0\u00a0\u00a0\u00a0Jobbiga m\u00e4nniskor <\/strong>\u2013 en kursdag om <em>hur vi jobbar bra med m\u00e4nniskor som \u00e4r hoppl\u00f6sa, sv\u00e5ra och ofta irriterande i sitt beslutsfattande. Det kan vara arbetskamrater, kunder och leverant\u00f6rer!<\/em> <em>Det h\u00e4r kursen du ALLTID har nytta av! F\u00f6r jobbiga m\u00e4nniskor finns inte bara i yrkeslivet. De flesta av oss kan beh\u00f6va tips p\u00e5 hur vi samarbetar b\u00e4ttre med sl\u00e4kt och bekanta!<\/em><\/p>\n\n\n\n<p><strong>12 augusti:\u00a0\u00a0\u00a0\u00a0\u00a0\u00a0\u00a0 L\u00f6nsamma m\u00e5ls\u00e4ttningar <\/strong>\u2013 <em>Med r\u00e4tt m\u00e5ls\u00e4ttningar och bra en f\u00f6rhandlingsteknik f\u00e5r du en inblick i taktiker, strategier och olika verktyg f\u00f6r att skapa dina m\u00e5ls\u00e4ttningar f\u00f6r en f\u00f6r\u00e4ttrad l\u00f6nsamhet. Oavsett om det handlar om att s\u00e4nka kostnaderna eller \u00f6ka f\u00f6rtj\u00e4nsten!  En kurs som du har nytta av b\u00e5de i arbetaivet och det privata!<\/em><\/p>\n\n\n\n<p><strong>24 augusti:\u00a0\u00a0\u00a0\u00a0\u00a0 Framtidsorganisationen &#8221;Post-Covid&#8221;<\/strong> &#8211; <em>mycket har f\u00f6r\u00e4ndrats under det  senaste \u00e5ret. Erfarenheterna fr\u00e5n pandemin ger nya m\u00f6jligheter i ledar- &amp; medarbetarskapet. Samtidigt finns det en \u00f6kad oro f\u00f6r arisker med de nya arbetss\u00e4tten. Med grund i Bowens systemteori f\u00e5r du verktyg  n\u00e4r du vill bygga framtidens goda arbetsmilj\u00f6.  I den h\u00e4r kursen ing\u00e5r boken &#8221;Den stressade organisationen &#8211; varf\u00f6r smarta f\u00f6retag g\u00f6r korkade saker&#8221; av Jeffrey Miller i \u00f6vers\u00e4ttning av mig, Marie Simonsson.<\/em> <\/p>\n\n\n\n<p class=\"has-text-color has-medium-font-size\" style=\"color:#07659c\"><em><strong>Pris 3,900:- per kursdag <\/strong>inkl lunch, fika och kursmaterial alla priser \u00e4r ex moms. <\/em><\/p>\n\n\n\n<p class=\"has-text-color has-medium-font-size\" style=\"color:#07659c\"><strong><em>Om du g\u00e5r tv\u00e5 av tre kursdagar <\/em><\/strong><em>har vi specialpriset 6,900:-  ex moms f\u00f6r b\u00e5da kursdagarna<\/em><\/p>\n\n\n\n<p class=\"has-text-color has-medium-font-size\" style=\"color:#07659c\"><strong><em>Om du vill g\u00e5 alla tre dagarna <\/em><\/strong><em>f\u00e5r du ett \u00e4nnu b\u00e4ttre pris och betalar 9,000:-  ex moms<\/em><strong><em> <\/em><\/strong><\/p>\n\n\n\n<p><strong>Hos HH&amp;S i G\u00e5xsj\u00f6, datum enligt ovan och tiden \u00e4r 9,00 \u2013 16,00 <\/strong>Vi startar med fika 8,30<\/p>\n\n\n\n<p><em>H\u00f6r av dig om du har matallergier!<\/em> (Viss reservation f\u00f6r kursdatum och att i beh\u00f6ver ett minimiantal f\u00f6r att kursen ska k\u00f6ras)<\/p>\n\n\n\n<h2 class=\"wp-block-heading\">Summer Bootcamp i G\u00e5xsj\u00f6<\/h2>\n\n\n\n<p>Bootcamp i G\u00e5xsj\u00f6 \u00e4r en programserie d\u00e4r vi erbjuder korta dagskurser packade med teori, \u00f6vningar och praktiska verktyg. Dessutom erbjuder vi l\u00e4ngre kurser med \u00f6vernattning. Vi skr\u00e4ddarsyr kurser f\u00f6r er som vill g\u00f6ra aktivitet tillsammans med anst\u00e4llda, kunder eller leverant\u00f6rer. H\u00f6r av er s\u00e5 ber\u00e4ttar vi mer om v\u00e5ra m\u00f6jligheter!<\/p>\n\n\n\n<p>F\u00f6r aktuella kurser h\u00e4nvisar vi till v\u00e5ra facebookannonser<\/p>\n\n\n\n<p><a href=\"https:\/\/www.facebook.com\/msimonsson.se\/\">https:\/\/www.facebook.com\/msimonsson.se\/<\/a><\/p>\n\n\n\n<p><a href=\"https:\/\/www.facebook.com\/hogthettsakert\/\">https:\/\/www.facebook.com\/hogthettsakert\/<\/a><\/p>\n","protected":false},"excerpt":{"rendered":"<p>Funderar du p\u00e5 hur det blir nu \u2013 \u201dpost Corona\u201d? \u00c4r du p\u00e5 v\u00e4g att starta upp ditt f\u00f6retag? Eller beh\u00f6ver du kanske bara en rej\u00e4l vitamininjektion inf\u00f6r h\u00f6stens uppstart. N\u00e4r verksamheten nu ska k\u00f6ra ig\u00e5ng igen \u201dnormalt\u201d efter en ett och ett halvs \u00e5rs hackande resa med hemarbete, f\u00f6r\u00e4ndrade kundm\u00f6ten och nya beteenden? D\u00e5 [&hellip;]<\/p>\n","protected":false},"author":4,"featured_media":17783,"comment_status":"open","ping_status":"open","sticky":false,"template":"","format":"standard","meta":{"_et_pb_use_builder":"","_et_pb_old_content":"","_et_gb_content_width":"","footnotes":""},"categories":[24,16,31,19,69,133],"tags":[],"class_list":["post-17772","post","type-post","status-publish","format-standard","has-post-thumbnail","hentry","category-affarsutveckling","category-aktuellt","category-bowen-systemteori","category-forhandla-framgang","category-ledarskap","category-stressade-organisationer"],"yoast_head":"<!-- This site is optimized with the Yoast SEO plugin v26.8 - https:\/\/yoast.com\/product\/yoast-seo-wordpress\/ -->\n<title>Uppstart eller omstart \u2013 Summer Bootcamp f\u00f6r alla - Marie Simonsson<\/title>\n<meta name=\"description\" content=\"Summer Bootcamp \u00e4r en serie av korta instensiva dagskurser f\u00f6r dig som vill jobba med ledar- &amp; medarbetarskap inf\u00f6r h\u00f6sten\" \/>\n<meta name=\"robots\" content=\"index, follow, max-snippet:-1, max-image-preview:large, max-video-preview:-1\" \/>\n<link rel=\"canonical\" href=\"https:\/\/msimonsson.se\/index.php\/2021\/06\/12\/uppstart-eller-omstart-summer-bootcamp-for-alla\/\" \/>\n<meta property=\"og:locale\" content=\"sv_SE\" \/>\n<meta property=\"og:type\" content=\"article\" \/>\n<meta property=\"og:title\" content=\"Uppstart eller omstart \u2013 Summer Bootcamp f\u00f6r alla - Marie Simonsson\" \/>\n<meta property=\"og:description\" content=\"Summer Bootcamp \u00e4r en serie av korta instensiva dagskurser f\u00f6r dig som vill jobba med ledar- &amp; medarbetarskap inf\u00f6r h\u00f6sten\" \/>\n<meta property=\"og:url\" content=\"https:\/\/msimonsson.se\/index.php\/2021\/06\/12\/uppstart-eller-omstart-summer-bootcamp-for-alla\/\" \/>\n<meta property=\"og:site_name\" content=\"Marie Simonsson\" \/>\n<meta property=\"article:publisher\" content=\"https:\/\/www.facebook.com\/msimonsson.se\" \/>\n<meta property=\"article:published_time\" content=\"2021-06-12T14:57:11+00:00\" \/>\n<meta property=\"og:image\" content=\"https:\/\/msimonsson.se\/wp-content\/uploads\/2021\/06\/Bootcamp-resizedUntitled-Design_1.jpg\" \/>\n\t<meta property=\"og:image:width\" content=\"1920\" \/>\n\t<meta property=\"og:image:height\" content=\"1080\" \/>\n\t<meta property=\"og:image:type\" content=\"image\/jpeg\" \/>\n<meta name=\"author\" content=\"Marie Simonsson\" \/>\n<meta name=\"twitter:card\" content=\"summary_large_image\" \/>\n<meta name=\"twitter:label1\" content=\"Skriven av\" \/>\n\t<meta name=\"twitter:data1\" content=\"Marie Simonsson\" \/>\n\t<meta name=\"twitter:label2\" content=\"Ber\u00e4knad l\u00e4stid\" \/>\n\t<meta name=\"twitter:data2\" content=\"7 minuter\" \/>\n<script type=\"application\/ld+json\" class=\"yoast-schema-graph\">{\"@context\":\"https:\/\/schema.org\",\"@graph\":[{\"@type\":\"Article\",\"@id\":\"https:\/\/msimonsson.se\/index.php\/2021\/06\/12\/uppstart-eller-omstart-summer-bootcamp-for-alla\/#article\",\"isPartOf\":{\"@id\":\"https:\/\/msimonsson.se\/index.php\/2021\/06\/12\/uppstart-eller-omstart-summer-bootcamp-for-alla\/\"},\"author\":{\"name\":\"Marie Simonsson\",\"@id\":\"https:\/\/msimonsson.se\/#\/schema\/person\/c1f6d7642c2de3211be0a8bf810f4ac0\"},\"headline\":\"Uppstart eller omstart \u2013 Summer Bootcamp f\u00f6r alla\",\"datePublished\":\"2021-06-12T14:57:11+00:00\",\"mainEntityOfPage\":{\"@id\":\"https:\/\/msimonsson.se\/index.php\/2021\/06\/12\/uppstart-eller-omstart-summer-bootcamp-for-alla\/\"},\"wordCount\":1567,\"commentCount\":0,\"publisher\":{\"@id\":\"https:\/\/msimonsson.se\/#organization\"},\"image\":{\"@id\":\"https:\/\/msimonsson.se\/index.php\/2021\/06\/12\/uppstart-eller-omstart-summer-bootcamp-for-alla\/#primaryimage\"},\"thumbnailUrl\":\"https:\/\/msimonsson.se\/wp-content\/uploads\/2021\/06\/Bootcamp-resizedUntitled-Design_1.jpg\",\"articleSection\":[\"Aff\u00e4rsutveckling\",\"Aktuellt\",\"Bowen Systemteori\",\"F\u00f6rhandla Framg\u00e5ng\u00ae\",\"Ledarskap\",\"Stressade organisationer\"],\"inLanguage\":\"sv-SE\",\"potentialAction\":[{\"@type\":\"CommentAction\",\"name\":\"Comment\",\"target\":[\"https:\/\/msimonsson.se\/index.php\/2021\/06\/12\/uppstart-eller-omstart-summer-bootcamp-for-alla\/#respond\"]}]},{\"@type\":\"WebPage\",\"@id\":\"https:\/\/msimonsson.se\/index.php\/2021\/06\/12\/uppstart-eller-omstart-summer-bootcamp-for-alla\/\",\"url\":\"https:\/\/msimonsson.se\/index.php\/2021\/06\/12\/uppstart-eller-omstart-summer-bootcamp-for-alla\/\",\"name\":\"Uppstart eller omstart \u2013 Summer Bootcamp f\u00f6r alla - Marie Simonsson\",\"isPartOf\":{\"@id\":\"https:\/\/msimonsson.se\/#website\"},\"primaryImageOfPage\":{\"@id\":\"https:\/\/msimonsson.se\/index.php\/2021\/06\/12\/uppstart-eller-omstart-summer-bootcamp-for-alla\/#primaryimage\"},\"image\":{\"@id\":\"https:\/\/msimonsson.se\/index.php\/2021\/06\/12\/uppstart-eller-omstart-summer-bootcamp-for-alla\/#primaryimage\"},\"thumbnailUrl\":\"https:\/\/msimonsson.se\/wp-content\/uploads\/2021\/06\/Bootcamp-resizedUntitled-Design_1.jpg\",\"datePublished\":\"2021-06-12T14:57:11+00:00\",\"description\":\"Summer Bootcamp \u00e4r en serie av korta instensiva dagskurser f\u00f6r dig som vill jobba med ledar- & medarbetarskap inf\u00f6r h\u00f6sten\",\"breadcrumb\":{\"@id\":\"https:\/\/msimonsson.se\/index.php\/2021\/06\/12\/uppstart-eller-omstart-summer-bootcamp-for-alla\/#breadcrumb\"},\"inLanguage\":\"sv-SE\",\"potentialAction\":[{\"@type\":\"ReadAction\",\"target\":[\"https:\/\/msimonsson.se\/index.php\/2021\/06\/12\/uppstart-eller-omstart-summer-bootcamp-for-alla\/\"]}]},{\"@type\":\"ImageObject\",\"inLanguage\":\"sv-SE\",\"@id\":\"https:\/\/msimonsson.se\/index.php\/2021\/06\/12\/uppstart-eller-omstart-summer-bootcamp-for-alla\/#primaryimage\",\"url\":\"https:\/\/msimonsson.se\/wp-content\/uploads\/2021\/06\/Bootcamp-resizedUntitled-Design_1.jpg\",\"contentUrl\":\"https:\/\/msimonsson.se\/wp-content\/uploads\/2021\/06\/Bootcamp-resizedUntitled-Design_1.jpg\",\"width\":1920,\"height\":1080},{\"@type\":\"BreadcrumbList\",\"@id\":\"https:\/\/msimonsson.se\/index.php\/2021\/06\/12\/uppstart-eller-omstart-summer-bootcamp-for-alla\/#breadcrumb\",\"itemListElement\":[{\"@type\":\"ListItem\",\"position\":1,\"name\":\"Hem\",\"item\":\"https:\/\/msimonsson.se\/\"},{\"@type\":\"ListItem\",\"position\":2,\"name\":\"Uppstart eller omstart \u2013 Summer Bootcamp f\u00f6r alla\"}]},{\"@type\":\"WebSite\",\"@id\":\"https:\/\/msimonsson.se\/#website\",\"url\":\"https:\/\/msimonsson.se\/\",\"name\":\"Marie Simonsson Business Consulting\",\"description\":\"Business Consulting\",\"publisher\":{\"@id\":\"https:\/\/msimonsson.se\/#organization\"},\"potentialAction\":[{\"@type\":\"SearchAction\",\"target\":{\"@type\":\"EntryPoint\",\"urlTemplate\":\"https:\/\/msimonsson.se\/?s={search_term_string}\"},\"query-input\":{\"@type\":\"PropertyValueSpecification\",\"valueRequired\":true,\"valueName\":\"search_term_string\"}}],\"inLanguage\":\"sv-SE\"},{\"@type\":\"Organization\",\"@id\":\"https:\/\/msimonsson.se\/#organization\",\"name\":\"Marie Simonsson Business Consulting\",\"url\":\"https:\/\/msimonsson.se\/\",\"logo\":{\"@type\":\"ImageObject\",\"inLanguage\":\"sv-SE\",\"@id\":\"https:\/\/msimonsson.se\/#\/schema\/logo\/image\/\",\"url\":\"https:\/\/msimonsson.se\/wp-content\/uploads\/2023\/08\/Marie_Simonsson_business_consulting.jpg\",\"contentUrl\":\"https:\/\/msimonsson.se\/wp-content\/uploads\/2023\/08\/Marie_Simonsson_business_consulting.jpg\",\"width\":645,\"height\":144,\"caption\":\"Marie Simonsson Business Consulting\"},\"image\":{\"@id\":\"https:\/\/msimonsson.se\/#\/schema\/logo\/image\/\"},\"sameAs\":[\"https:\/\/www.facebook.com\/msimonsson.se\",\"https:\/\/www.instagram.com\/msimonssonab\/\"]},{\"@type\":\"Person\",\"@id\":\"https:\/\/msimonsson.se\/#\/schema\/person\/c1f6d7642c2de3211be0a8bf810f4ac0\",\"name\":\"Marie Simonsson\",\"image\":{\"@type\":\"ImageObject\",\"inLanguage\":\"sv-SE\",\"@id\":\"https:\/\/msimonsson.se\/#\/schema\/person\/image\/\",\"url\":\"https:\/\/secure.gravatar.com\/avatar\/d2aa79522fb63fd956693647b35d907a5829de559b544536c1f8995f26685673?s=96&d=mm&r=g\",\"contentUrl\":\"https:\/\/secure.gravatar.com\/avatar\/d2aa79522fb63fd956693647b35d907a5829de559b544536c1f8995f26685673?s=96&d=mm&r=g\",\"caption\":\"Marie Simonsson\"},\"url\":\"https:\/\/msimonsson.se\/index.php\/author\/marie\/\"}]}<\/script>\n<!-- \/ Yoast SEO plugin. -->","yoast_head_json":{"title":"Uppstart eller omstart \u2013 Summer Bootcamp f\u00f6r alla - Marie Simonsson","description":"Summer Bootcamp \u00e4r en serie av korta instensiva dagskurser f\u00f6r dig som vill jobba med ledar- & medarbetarskap inf\u00f6r h\u00f6sten","robots":{"index":"index","follow":"follow","max-snippet":"max-snippet:-1","max-image-preview":"max-image-preview:large","max-video-preview":"max-video-preview:-1"},"canonical":"https:\/\/msimonsson.se\/index.php\/2021\/06\/12\/uppstart-eller-omstart-summer-bootcamp-for-alla\/","og_locale":"sv_SE","og_type":"article","og_title":"Uppstart eller omstart \u2013 Summer Bootcamp f\u00f6r alla - Marie Simonsson","og_description":"Summer Bootcamp \u00e4r en serie av korta instensiva dagskurser f\u00f6r dig som vill jobba med ledar- & medarbetarskap inf\u00f6r h\u00f6sten","og_url":"https:\/\/msimonsson.se\/index.php\/2021\/06\/12\/uppstart-eller-omstart-summer-bootcamp-for-alla\/","og_site_name":"Marie Simonsson","article_publisher":"https:\/\/www.facebook.com\/msimonsson.se","article_published_time":"2021-06-12T14:57:11+00:00","og_image":[{"width":1920,"height":1080,"url":"https:\/\/msimonsson.se\/wp-content\/uploads\/2021\/06\/Bootcamp-resizedUntitled-Design_1.jpg","type":"image\/jpeg"}],"author":"Marie Simonsson","twitter_card":"summary_large_image","twitter_misc":{"Skriven av":"Marie Simonsson","Ber\u00e4knad l\u00e4stid":"7 minuter"},"schema":{"@context":"https:\/\/schema.org","@graph":[{"@type":"Article","@id":"https:\/\/msimonsson.se\/index.php\/2021\/06\/12\/uppstart-eller-omstart-summer-bootcamp-for-alla\/#article","isPartOf":{"@id":"https:\/\/msimonsson.se\/index.php\/2021\/06\/12\/uppstart-eller-omstart-summer-bootcamp-for-alla\/"},"author":{"name":"Marie Simonsson","@id":"https:\/\/msimonsson.se\/#\/schema\/person\/c1f6d7642c2de3211be0a8bf810f4ac0"},"headline":"Uppstart eller omstart \u2013 Summer Bootcamp f\u00f6r alla","datePublished":"2021-06-12T14:57:11+00:00","mainEntityOfPage":{"@id":"https:\/\/msimonsson.se\/index.php\/2021\/06\/12\/uppstart-eller-omstart-summer-bootcamp-for-alla\/"},"wordCount":1567,"commentCount":0,"publisher":{"@id":"https:\/\/msimonsson.se\/#organization"},"image":{"@id":"https:\/\/msimonsson.se\/index.php\/2021\/06\/12\/uppstart-eller-omstart-summer-bootcamp-for-alla\/#primaryimage"},"thumbnailUrl":"https:\/\/msimonsson.se\/wp-content\/uploads\/2021\/06\/Bootcamp-resizedUntitled-Design_1.jpg","articleSection":["Aff\u00e4rsutveckling","Aktuellt","Bowen Systemteori","F\u00f6rhandla Framg\u00e5ng\u00ae","Ledarskap","Stressade organisationer"],"inLanguage":"sv-SE","potentialAction":[{"@type":"CommentAction","name":"Comment","target":["https:\/\/msimonsson.se\/index.php\/2021\/06\/12\/uppstart-eller-omstart-summer-bootcamp-for-alla\/#respond"]}]},{"@type":"WebPage","@id":"https:\/\/msimonsson.se\/index.php\/2021\/06\/12\/uppstart-eller-omstart-summer-bootcamp-for-alla\/","url":"https:\/\/msimonsson.se\/index.php\/2021\/06\/12\/uppstart-eller-omstart-summer-bootcamp-for-alla\/","name":"Uppstart eller omstart \u2013 Summer Bootcamp f\u00f6r alla - Marie Simonsson","isPartOf":{"@id":"https:\/\/msimonsson.se\/#website"},"primaryImageOfPage":{"@id":"https:\/\/msimonsson.se\/index.php\/2021\/06\/12\/uppstart-eller-omstart-summer-bootcamp-for-alla\/#primaryimage"},"image":{"@id":"https:\/\/msimonsson.se\/index.php\/2021\/06\/12\/uppstart-eller-omstart-summer-bootcamp-for-alla\/#primaryimage"},"thumbnailUrl":"https:\/\/msimonsson.se\/wp-content\/uploads\/2021\/06\/Bootcamp-resizedUntitled-Design_1.jpg","datePublished":"2021-06-12T14:57:11+00:00","description":"Summer Bootcamp \u00e4r en serie av korta instensiva dagskurser f\u00f6r dig som vill jobba med ledar- & medarbetarskap inf\u00f6r h\u00f6sten","breadcrumb":{"@id":"https:\/\/msimonsson.se\/index.php\/2021\/06\/12\/uppstart-eller-omstart-summer-bootcamp-for-alla\/#breadcrumb"},"inLanguage":"sv-SE","potentialAction":[{"@type":"ReadAction","target":["https:\/\/msimonsson.se\/index.php\/2021\/06\/12\/uppstart-eller-omstart-summer-bootcamp-for-alla\/"]}]},{"@type":"ImageObject","inLanguage":"sv-SE","@id":"https:\/\/msimonsson.se\/index.php\/2021\/06\/12\/uppstart-eller-omstart-summer-bootcamp-for-alla\/#primaryimage","url":"https:\/\/msimonsson.se\/wp-content\/uploads\/2021\/06\/Bootcamp-resizedUntitled-Design_1.jpg","contentUrl":"https:\/\/msimonsson.se\/wp-content\/uploads\/2021\/06\/Bootcamp-resizedUntitled-Design_1.jpg","width":1920,"height":1080},{"@type":"BreadcrumbList","@id":"https:\/\/msimonsson.se\/index.php\/2021\/06\/12\/uppstart-eller-omstart-summer-bootcamp-for-alla\/#breadcrumb","itemListElement":[{"@type":"ListItem","position":1,"name":"Hem","item":"https:\/\/msimonsson.se\/"},{"@type":"ListItem","position":2,"name":"Uppstart eller omstart \u2013 Summer Bootcamp f\u00f6r alla"}]},{"@type":"WebSite","@id":"https:\/\/msimonsson.se\/#website","url":"https:\/\/msimonsson.se\/","name":"Marie Simonsson Business Consulting","description":"Business Consulting","publisher":{"@id":"https:\/\/msimonsson.se\/#organization"},"potentialAction":[{"@type":"SearchAction","target":{"@type":"EntryPoint","urlTemplate":"https:\/\/msimonsson.se\/?s={search_term_string}"},"query-input":{"@type":"PropertyValueSpecification","valueRequired":true,"valueName":"search_term_string"}}],"inLanguage":"sv-SE"},{"@type":"Organization","@id":"https:\/\/msimonsson.se\/#organization","name":"Marie Simonsson Business Consulting","url":"https:\/\/msimonsson.se\/","logo":{"@type":"ImageObject","inLanguage":"sv-SE","@id":"https:\/\/msimonsson.se\/#\/schema\/logo\/image\/","url":"https:\/\/msimonsson.se\/wp-content\/uploads\/2023\/08\/Marie_Simonsson_business_consulting.jpg","contentUrl":"https:\/\/msimonsson.se\/wp-content\/uploads\/2023\/08\/Marie_Simonsson_business_consulting.jpg","width":645,"height":144,"caption":"Marie Simonsson Business Consulting"},"image":{"@id":"https:\/\/msimonsson.se\/#\/schema\/logo\/image\/"},"sameAs":["https:\/\/www.facebook.com\/msimonsson.se","https:\/\/www.instagram.com\/msimonssonab\/"]},{"@type":"Person","@id":"https:\/\/msimonsson.se\/#\/schema\/person\/c1f6d7642c2de3211be0a8bf810f4ac0","name":"Marie Simonsson","image":{"@type":"ImageObject","inLanguage":"sv-SE","@id":"https:\/\/msimonsson.se\/#\/schema\/person\/image\/","url":"https:\/\/secure.gravatar.com\/avatar\/d2aa79522fb63fd956693647b35d907a5829de559b544536c1f8995f26685673?s=96&d=mm&r=g","contentUrl":"https:\/\/secure.gravatar.com\/avatar\/d2aa79522fb63fd956693647b35d907a5829de559b544536c1f8995f26685673?s=96&d=mm&r=g","caption":"Marie Simonsson"},"url":"https:\/\/msimonsson.se\/index.php\/author\/marie\/"}]}},"_links":{"self":[{"href":"https:\/\/msimonsson.se\/index.php\/wp-json\/wp\/v2\/posts\/17772","targetHints":{"allow":["GET"]}}],"collection":[{"href":"https:\/\/msimonsson.se\/index.php\/wp-json\/wp\/v2\/posts"}],"about":[{"href":"https:\/\/msimonsson.se\/index.php\/wp-json\/wp\/v2\/types\/post"}],"author":[{"embeddable":true,"href":"https:\/\/msimonsson.se\/index.php\/wp-json\/wp\/v2\/users\/4"}],"replies":[{"embeddable":true,"href":"https:\/\/msimonsson.se\/index.php\/wp-json\/wp\/v2\/comments?post=17772"}],"version-history":[{"count":0,"href":"https:\/\/msimonsson.se\/index.php\/wp-json\/wp\/v2\/posts\/17772\/revisions"}],"wp:featuredmedia":[{"embeddable":true,"href":"https:\/\/msimonsson.se\/index.php\/wp-json\/wp\/v2\/media\/17783"}],"wp:attachment":[{"href":"https:\/\/msimonsson.se\/index.php\/wp-json\/wp\/v2\/media?parent=17772"}],"wp:term":[{"taxonomy":"category","embeddable":true,"href":"https:\/\/msimonsson.se\/index.php\/wp-json\/wp\/v2\/categories?post=17772"},{"taxonomy":"post_tag","embeddable":true,"href":"https:\/\/msimonsson.se\/index.php\/wp-json\/wp\/v2\/tags?post=17772"}],"curies":[{"name":"wp","href":"https:\/\/api.w.org\/{rel}","templated":true}]}}