{"id":14008,"date":"2020-12-27T13:24:45","date_gmt":"2020-12-27T12:24:45","guid":{"rendered":"http:\/\/msimonsson.se\/?p=14008"},"modified":"2020-12-27T13:24:45","modified_gmt":"2020-12-27T12:24:45","slug":"den-coronastressade-entreprenorens-julafton","status":"publish","type":"post","link":"https:\/\/msimonsson.se\/index.php\/2020\/12\/27\/den-coronastressade-entreprenorens-julafton\/","title":{"rendered":"Den Coronastressade entrepren\u00f6rens julafton"},"content":{"rendered":"\n<p>2020 var ett annorlunda \u00e5r. Det var \u00e5ret d\u00e5 jag och m\u00e5nga andra entrepren\u00f6rer l\u00e4rde oss vad Coronastress innebar. Att stress kan g\u00f6ra oss oroliga och splittrade i skallen. Med en \u00f6verv\u00e4ldigande k\u00e4nsla av att vi m\u00e5ste  \u201dG\u00d6RA N\u00c5GOT\u201d. Och helst just nu. Resultatet \u00e4r f\u00f6r det mesta r\u00e4tt korkat. Det kan orsaka en mindre kortslutning och resultat blir den Coronastressade entrepren\u00f6rens julafton. <\/p>\n\n\n\n<p>Att se m\u00f6jligheter \u00e4r vanligtvis entrepren\u00f6rens starka sida. Att jaga efter alldeles f\u00f6r m\u00e5nga s\u00e5dana samtidigt kan vara direkt f\u00f6r\u00f6dande. S\u00e4rskilt om vi s\u00e4tter ig\u00e5ng och g\u00f6r n\u00e5got (allting) samtidigt.<\/p>\n\n\n\n<h2 class=\"wp-block-heading\">Coronastress som en bl\u00f6t filt<\/h2>\n\n\n\n<div class=\"wp-block-image\"><figure class=\"alignleft size-large is-resized\"><img loading=\"lazy\" decoding=\"async\" src=\"http:\/\/msimonsson.se\/wp-content\/uploads\/2020\/12\/canstockphoto28124281.jpg\" alt=\"\" class=\"wp-image-14012\" width=\"243\" height=\"203\"\/><figcaption><em>Coronastressen l\u00e4gger sig som en bl\u00f6t filt av oro omkring oss tills vi blir helt handlingsf\u00f6rlamade<\/em><\/figcaption><\/figure><\/div>\n\n\n\n<p>Coronastress \u00e4r den bl\u00f6ta filten av r\u00e4dsla och oro som vi alla lever under. Vetskapen att vi inte kan se den fiende som riskerar att ta det allra k\u00e4raste vi har ifr\u00e5n oss. Medvetenheten om att vi inget kan g\u00f6ra. Mer \u00e4n distansera oss fr\u00e5n varandra. Samtidigt som alla v\u00e5ra k\u00e4nslosystem trimmats genom evolutionen \u00f6ver tiotusentals \u00e5r att g\u00f6ra motsatsen. N\u00e4r en fara hotar s\u00e5 ska vi s\u00f6ka oss till flocken. Helst ska vi kura ihop oss n\u00e4ra varandra. Nu \u00e4r helt pl\u00f6tsligt motsatsen det r\u00e4tta. Mentalt kanske det fungerar. Men k\u00e4nslom\u00e4ssigt blir hela gruppen stressad. Oavsett om vi pratar familjen, arbetsgruppen eller f\u00f6retaget.<\/p>\n\n\n\n<h2 class=\"wp-block-heading\">2020 \u00e5ret d\u00e5 vi l\u00e4rde oss hur vi reagerar p\u00e5 Coronastress <\/h2>\n\n\n\n<p>2020 var verkligen annorlunda. I mitt f\u00f6retagande gick jag hela tiden och v\u00e4ntade p\u00e5 vad det skulle inneb\u00e4ra f\u00f6r mig och mitt f\u00f6retag. Sj\u00e4lvklart tog jag mig an problemet som en sann entrepren\u00f6r. Jag f\u00f6rs\u00f6kte ligga ett steg f\u00f6re. F\u00f6r alldeles f\u00f6r m\u00e5nga av min sort inneb\u00e4r det att vi jagar runt och s\u00e4ger &#8221;ja&#8221; till ett uppdrag f\u00f6r mycket. Det \u00e4r allts\u00e5 i vanliga fall. Under det h\u00e4r \u00e5ret har jag inte pratat med en enda f\u00f6retagare som inte sagt &#8221;ja&#8221; till precis allting. F\u00f6r &#8221;det kommer ju att komma d\u00e5liga tider&#8221;. Det inneb\u00e4r att m\u00e5nga har jobbat med allt m\u00f6jligt hela tiden. F\u00f6r s\u00e4kerhets skull. Att kl\u00e4mma in ett jobbfritt julfirande k\u00e4nns som ett sl\u00f6seri. F\u00f6r den Coronastressade entrepren\u00f6ren var julafton en bra arbetsdag utan f\u00f6r mycket telefon&#8230;. eller&#8230;&#8230;..<\/p>\n\n\n\n<p>Kanske var det \u00e4nd\u00e5 inte s\u00e5 bra. Julen har sin egen rytm och sin egen stress. Julklappar, julmat, m\u00f6jligheten att h\u00e4lsa p\u00e5 alla sl\u00e4ktingar och umg\u00e5s. Det var ju ocks\u00e5 p\u00e5verkat. Vi hade ingen &#8221;flock&#8221; att kura ihop oss med. V\u00e5ra familjesystem var p\u00e5verkade och att s\u00f6ka lugnet i familjegemenskapen var inte att t\u00e4nka p\u00e5. Ist\u00e4llet fick vi \u00e4nnu ett stressp\u00e5slag p\u00e5 en redan Coronastressad vardag. Det ger problem som vi inte kan hantera p\u00e5 n\u00e5got annat s\u00e4tt \u00e4n p\u00e5 sten\u00e5ldern. Vi kan fly fr\u00e5n det. Vi kan tyv\u00e4rr inte g\u00e4rna sl\u00e5ss mot det. Och vi kan spela d\u00f6da. Som om julen var en vanlig arbetsdag.  <\/p>\n\n\n\n<h2 class=\"wp-block-heading\">Vi lever i ett emotionellt system och i ett rationellt system<\/h2>\n\n\n\n<div class=\"wp-block-image\"><figure class=\"alignright size-large is-resized\"><img loading=\"lazy\" decoding=\"async\" src=\"http:\/\/msimonsson.se\/wp-content\/uploads\/2020\/12\/canstockphoto8110365-1.jpg\" alt=\"\" class=\"wp-image-14015\" width=\"249\" height=\"164\"\/><figcaption><em>Vi skyddar oss i flocken, det har vi l\u00e4rt sedan tiotusentals \u00e5r<\/em><\/figcaption><\/figure><\/div>\n\n\n\n<p>Bowens systemteori visar p\u00e5 ett begripligt s\u00e4tt var problemet uppst\u00e5r. Det k\u00e4nslom\u00e4ssiga systemet som vi lever i (familjen, f\u00f6retaget och f\u00f6reningen) \u00e4r hotat och stressat. Det rationella systemet med eftertanke, fakta och en f\u00f6rst\u00e5else f\u00f6r regler, restriktioner och distansering fungerar. Men tyv\u00e4rr bara n\u00e4r vi sj\u00e4lva \u00e4r lugna och eftert\u00e4nksamma. Det k\u00e4nslom\u00e4ssiga systemet \u00e4r reaktivt. Det \u00e4r d\u00e4r v\u00e5ra \u00f6verlevnadsinstinkter ligger. D\u00e4r skyddar vi oss i flocken eller familjen. D\u00e4r g\u00f6r vi n\u00e5got!! Flyr, tar strid eller tar till andra mot\u00e5tg\u00e4rder.<\/p>\n\n\n\n<h2 class=\"wp-block-heading\">Vill du veta med om Bowens systemteori och Coronastress?<\/h2>\n\n\n\n<p>Har du nu blivit nyfiken p\u00e5 Bowens systemteori och Coronastress? Titta in p\u00e5 Lyckasonlines Adventskalender. D\u00e4r ber\u00e4ttar jag mer om det h\u00e4r i <strong>luckorna 7 och 13<\/strong>. <a href=\"http:\/\/www.lyckasonline.se\/jul2020\">www.lyckasonline.se\/jul2020<\/a><\/p>\n\n\n\n<p><strong>Lucka 7: Varf\u00f6r tar stressade organisationer korkade beslut <\/strong><a href=\"https:\/\/www.youtube.com\/watch?v=pc3lOPxkXU8\">https:\/\/www.youtube.com\/watch?v=pc3lOPxkXU8<\/a><\/p>\n\n\n\n<p><strong>Lucka 13: Att beh\u00e5lla lugnet i stressade organisationer<\/strong><\/p>\n\n\n\n<figure class=\"wp-block-embed-youtube alignleft wp-block-embed is-type-video is-provider-youtube wp-embed-aspect-16-9 wp-has-aspect-ratio\"><div class=\"wp-block-embed__wrapper\">\n<iframe loading=\"lazy\" title=\"Att beh\u00e5lla lugnet i stressade organisationer\" width=\"1080\" height=\"608\" src=\"https:\/\/www.youtube.com\/embed\/LEq-16YW3Vs?feature=oembed\"  allow=\"accelerometer; autoplay; clipboard-write; encrypted-media; gyroscope; picture-in-picture; web-share\" allowfullscreen><\/iframe>\n<\/div><figcaption><em>Med enkla metoder kan du jobba p\u00e5 ditt lugn<\/em><\/figcaption><\/figure>\n\n\n\n<p>Styrkan hos de flesta entrepren\u00f6rer \u00e4r f\u00f6rm\u00e5gan att k\u00e4nna av behov. Och att kunna reagera p\u00e5 dem. Framg\u00e5ngsrikt entrepren\u00f6rskap best\u00e5r ofta av tv\u00e5 delar. En mix av att vara emotionell och reaktiv. Att snabbt k\u00e4nna av vad som beh\u00f6vs. Men ocks\u00e5 rationell. Att kunna erbjuda kunden en l\u00f6sning. Men den Coronastressade entrepren\u00f6ren har fullt orosp\u00e5slag just nu.<\/p>\n\n\n\n<h2 class=\"wp-block-heading\">Splittrad, orolig  med koncentrationssv\u00e5righeter<\/h2>\n\n\n\n<p>Coronastress inneb\u00e4r att vi alla \u00e4r mer oroliga och mer splittrade i tanken. Det \u00e4r ingen bra kombination f\u00f6r n\u00e5gon som jag som aldrig insett att jag ska t\u00e4nka efter f\u00f6re och vara f\u00f6rsiktig. Redan f\u00f6re l\u00e5ngt f\u00f6re Corona hade jag m\u00e4rkt att jag saknar den delen av hj\u00e4rnan d\u00e4r det borde sitta f\u00f6rsiktighet som s\u00e4ger \u201dhmm kanske du inte ska hoppa p\u00e5 den d\u00e4r id\u00e9n. Det verkar vara \u2026.\u201d . I mitt huvud finns det n\u00e5got som ist\u00e4llet s\u00e4ger \u201dMen HIMMEL\u2026 VAD KUL!! G\u00e5r det g\u00f6ra p\u00e5 det s\u00e4ttet ocks\u00e5??!!\u201d. Med f\u00f6ljden \u201dl\u00e5t oss testa!\u201d<\/p>\n\n\n\n<div class=\"wp-block-image\"><figure class=\"alignright size-large is-resized\"><img loading=\"lazy\" decoding=\"async\" src=\"http:\/\/msimonsson.se\/wp-content\/uploads\/2020\/12\/canstockphoto42496685.jpg\" alt=\"\" class=\"wp-image-14017\" width=\"213\" height=\"159\"\/><figcaption><em>Julklapp eller Pandoras ask? P\u00e5 den Coronastressade entrepren\u00f6rens julafton kan allting h\u00e4nda!<\/em><\/figcaption><\/figure><\/div>\n\n\n\n<h2 class=\"wp-block-heading\">Skaffa ditt lugn genom att skapa ditt eget navigeringssystem &#8211; din aff\u00e4rsplan<\/h2>\n\n\n\n<p>S\u00e5 hur var den h\u00e4r Coronastressade entrepren\u00f6rens julafton? Jag var med i Lyckasonlines lucka 24. D\u00e4r ber\u00e4ttade jag om min vana att se \u00f6ver och uppdatera min Aff\u00e4rsplan i mellandagarna. Men \u00e5r hade jag br\u00e5ttom. Ist\u00e4llet f\u00f6r att v\u00e4nta till mellandagarna s\u00e5 satt jag d\u00e4r. P\u00e5 julaftonskv\u00e4llen efter julbordet, Kalle Anka och klapparna. N\u00e4r vanliga kloka m\u00e4nniskor umg\u00e5s och njuter av julefriden. D\u00e5 b\u00f6rjar den stressade entrepren\u00f6rens julafton med fr\u00e5gan. Hur kommer 2021 att se ut? Hur \u00e4r det med mitt f\u00f6retag? Vad ska jag t\u00e4nka p\u00e5 i min aff\u00e4rsplanplan?<\/p>\n\n\n\n<div class=\"wp-block-image\"><figure class=\"alignleft size-large is-resized\"><img loading=\"lazy\" decoding=\"async\" src=\"http:\/\/msimonsson.se\/wp-content\/uploads\/2020\/07\/canstockphoto36862569.jpg\" alt=\"\" class=\"wp-image-9745\" width=\"193\" height=\"128\"\/><figcaption><em>Med Diva Navigator skapar du din aff\u00e4rsplan, och ditt lugn<\/em><\/figcaption><\/figure><\/div>\n\n\n\n<p>Funderar du ocks\u00e5 p\u00e5 att det kan vara dags att skapa en riktig plan? Jag har haft min aff\u00e4rsplan i 15 \u00e5r nu. Den tiden jag l\u00e4gger p\u00e5 att jobba med den \u00e4r min absolut b\u00e4st investerade tid i f\u00f6retaget. Dessutom \u00e4r det den b\u00e4sta v\u00e4gledningen f\u00f6r att b\u00e5de \u00e5terf\u00e5 lugnet och veta att jag h\u00e5ller mig p\u00e5 r\u00e4tt v\u00e4g. Kanske var det faktiskt  s\u00e5 att jag gjorde det r\u00e4tta som stressad entrepren\u00f6r p\u00e5 julafton n\u00e4r jag satte mig ner och jobbade med min aff\u00e4rsplan.  N\u00e4r vi har en karta och kompass att f\u00f6lja s\u00e5 blir det ok\u00e4nda inte lika farligt och skr\u00e4mmande l\u00e4ngre! L\u00e5t mig ber\u00e4tta varf\u00f6r du ska skaffa en aff\u00e4rsplan om du inte redan har det. Och varf\u00f6r du ska uppdatera den du har.  <a href=\"http:\/\/msimonsson.se\/wp-admin\/post.php?post=9661&amp;action=edit\" target=\"_blank\" rel=\"noreferrer noopener\">http:\/\/msimonsson.se\/wp-admin\/post.php?post=9661&amp;action=edit<\/a><\/p>\n\n\n\n<p>Vill du veta med om Bowens systemteori? L\u00e4s h\u00e4r <a href=\"http:\/\/msimonsson.se\/den-stressade-organisationen\/\" target=\"_blank\" rel=\"noreferrer noopener\">http:\/\/msimonsson.se\/den-stressade-organisationen\/<\/a><\/p>\n\n\n\n<p>H\u00e4r hittar du mer om kursverksamheten <a href=\"http:\/\/msimonsson.se\/bowens-systemteori-organisationsutveckling-gaxsjomodellen\/\" target=\"_blank\" rel=\"noreferrer noopener\">http:\/\/msimonsson.se\/bowens-systemteori-organisationsutveckling-gaxsjomodellen\/<\/a><\/p>\n","protected":false},"excerpt":{"rendered":"<p>2020 var ett annorlunda \u00e5r. Det var \u00e5ret d\u00e5 jag och m\u00e5nga andra entrepren\u00f6rer l\u00e4rde oss vad Coronastress innebar. Att stress kan g\u00f6ra oss oroliga och splittrade i skallen. Med en \u00f6verv\u00e4ldigande k\u00e4nsla av att vi m\u00e5ste \u201dG\u00d6RA N\u00c5GOT\u201d. Och helst just nu. Resultatet \u00e4r f\u00f6r det mesta r\u00e4tt korkat. Det kan orsaka en mindre [&hellip;]<\/p>\n","protected":false},"author":4,"featured_media":14019,"comment_status":"open","ping_status":"open","sticky":false,"template":"","format":"standard","meta":{"_et_pb_use_builder":"","_et_pb_old_content":"","_et_gb_content_width":"","footnotes":""},"categories":[124,24,16,31,133],"tags":[36,134,135,136],"class_list":["post-14008","post","type-post","status-publish","format-standard","has-post-thumbnail","hentry","category-affarsplan","category-affarsutveckling","category-aktuellt","category-bowen-systemteori","category-stressade-organisationer","tag-affarsplan","tag-coronastressad","tag-divanavigator","tag-entreprenor"],"yoast_head":"<!-- This site is optimized with the Yoast SEO plugin v26.8 - https:\/\/yoast.com\/product\/yoast-seo-wordpress\/ -->\n<title>Den Coronastressade entrepren\u00f6rens julafton - Marie Simonsson<\/title>\n<meta name=\"description\" content=\"Lever du den Coronastressade entrepren\u00f6rens liv just nu? Vill du veta mer om hur du kan skapa ett st\u00f6rre lugn i ditt liv?\" \/>\n<meta name=\"robots\" content=\"index, follow, max-snippet:-1, max-image-preview:large, max-video-preview:-1\" \/>\n<link rel=\"canonical\" href=\"https:\/\/msimonsson.se\/index.php\/2020\/12\/27\/den-coronastressade-entreprenorens-julafton\/\" \/>\n<meta property=\"og:locale\" content=\"sv_SE\" \/>\n<meta property=\"og:type\" content=\"article\" \/>\n<meta property=\"og:title\" content=\"Den Coronastressade entrepren\u00f6rens julafton - Marie Simonsson\" \/>\n<meta property=\"og:description\" content=\"Lever du den Coronastressade entrepren\u00f6rens liv just nu? Vill du veta mer om hur du kan skapa ett st\u00f6rre lugn i ditt liv?\" \/>\n<meta property=\"og:url\" content=\"https:\/\/msimonsson.se\/index.php\/2020\/12\/27\/den-coronastressade-entreprenorens-julafton\/\" \/>\n<meta property=\"og:site_name\" content=\"Marie Simonsson\" \/>\n<meta property=\"article:publisher\" content=\"https:\/\/www.facebook.com\/msimonsson.se\" \/>\n<meta property=\"article:published_time\" content=\"2020-12-27T12:24:45+00:00\" \/>\n<meta property=\"og:image\" content=\"https:\/\/msimonsson.se\/wp-content\/uploads\/2020\/12\/canstockphoto22458553.jpg\" \/>\n\t<meta property=\"og:image:width\" content=\"800\" \/>\n\t<meta property=\"og:image:height\" content=\"533\" \/>\n\t<meta property=\"og:image:type\" content=\"image\/jpeg\" \/>\n<meta name=\"author\" content=\"Marie Simonsson\" \/>\n<meta name=\"twitter:card\" content=\"summary_large_image\" \/>\n<meta name=\"twitter:label1\" content=\"Skriven av\" \/>\n\t<meta name=\"twitter:data1\" content=\"Marie Simonsson\" \/>\n\t<meta name=\"twitter:label2\" content=\"Ber\u00e4knad l\u00e4stid\" \/>\n\t<meta name=\"twitter:data2\" content=\"6 minuter\" \/>\n<script type=\"application\/ld+json\" class=\"yoast-schema-graph\">{\"@context\":\"https:\/\/schema.org\",\"@graph\":[{\"@type\":\"Article\",\"@id\":\"https:\/\/msimonsson.se\/index.php\/2020\/12\/27\/den-coronastressade-entreprenorens-julafton\/#article\",\"isPartOf\":{\"@id\":\"https:\/\/msimonsson.se\/index.php\/2020\/12\/27\/den-coronastressade-entreprenorens-julafton\/\"},\"author\":{\"name\":\"Marie Simonsson\",\"@id\":\"https:\/\/msimonsson.se\/#\/schema\/person\/c1f6d7642c2de3211be0a8bf810f4ac0\"},\"headline\":\"Den Coronastressade entrepren\u00f6rens julafton\",\"datePublished\":\"2020-12-27T12:24:45+00:00\",\"mainEntityOfPage\":{\"@id\":\"https:\/\/msimonsson.se\/index.php\/2020\/12\/27\/den-coronastressade-entreprenorens-julafton\/\"},\"wordCount\":1300,\"commentCount\":0,\"publisher\":{\"@id\":\"https:\/\/msimonsson.se\/#organization\"},\"image\":{\"@id\":\"https:\/\/msimonsson.se\/index.php\/2020\/12\/27\/den-coronastressade-entreprenorens-julafton\/#primaryimage\"},\"thumbnailUrl\":\"https:\/\/msimonsson.se\/wp-content\/uploads\/2020\/12\/canstockphoto22458553.jpg\",\"keywords\":[\"#aff\u00e4rsplan\",\"#coronastressad\",\"#divanavigator\",\"#entrepren\u00f6r\"],\"articleSection\":[\"Aff\u00e4rsplan\",\"Aff\u00e4rsutveckling\",\"Aktuellt\",\"Bowen Systemteori\",\"Stressade organisationer\"],\"inLanguage\":\"sv-SE\",\"potentialAction\":[{\"@type\":\"CommentAction\",\"name\":\"Comment\",\"target\":[\"https:\/\/msimonsson.se\/index.php\/2020\/12\/27\/den-coronastressade-entreprenorens-julafton\/#respond\"]}]},{\"@type\":\"WebPage\",\"@id\":\"https:\/\/msimonsson.se\/index.php\/2020\/12\/27\/den-coronastressade-entreprenorens-julafton\/\",\"url\":\"https:\/\/msimonsson.se\/index.php\/2020\/12\/27\/den-coronastressade-entreprenorens-julafton\/\",\"name\":\"Den Coronastressade entrepren\u00f6rens julafton - Marie Simonsson\",\"isPartOf\":{\"@id\":\"https:\/\/msimonsson.se\/#website\"},\"primaryImageOfPage\":{\"@id\":\"https:\/\/msimonsson.se\/index.php\/2020\/12\/27\/den-coronastressade-entreprenorens-julafton\/#primaryimage\"},\"image\":{\"@id\":\"https:\/\/msimonsson.se\/index.php\/2020\/12\/27\/den-coronastressade-entreprenorens-julafton\/#primaryimage\"},\"thumbnailUrl\":\"https:\/\/msimonsson.se\/wp-content\/uploads\/2020\/12\/canstockphoto22458553.jpg\",\"datePublished\":\"2020-12-27T12:24:45+00:00\",\"description\":\"Lever du den Coronastressade entrepren\u00f6rens liv just nu? Vill du veta mer om hur du kan skapa ett st\u00f6rre lugn i ditt liv?\",\"breadcrumb\":{\"@id\":\"https:\/\/msimonsson.se\/index.php\/2020\/12\/27\/den-coronastressade-entreprenorens-julafton\/#breadcrumb\"},\"inLanguage\":\"sv-SE\",\"potentialAction\":[{\"@type\":\"ReadAction\",\"target\":[\"https:\/\/msimonsson.se\/index.php\/2020\/12\/27\/den-coronastressade-entreprenorens-julafton\/\"]}]},{\"@type\":\"ImageObject\",\"inLanguage\":\"sv-SE\",\"@id\":\"https:\/\/msimonsson.se\/index.php\/2020\/12\/27\/den-coronastressade-entreprenorens-julafton\/#primaryimage\",\"url\":\"https:\/\/msimonsson.se\/wp-content\/uploads\/2020\/12\/canstockphoto22458553.jpg\",\"contentUrl\":\"https:\/\/msimonsson.se\/wp-content\/uploads\/2020\/12\/canstockphoto22458553.jpg\",\"width\":800,\"height\":533},{\"@type\":\"BreadcrumbList\",\"@id\":\"https:\/\/msimonsson.se\/index.php\/2020\/12\/27\/den-coronastressade-entreprenorens-julafton\/#breadcrumb\",\"itemListElement\":[{\"@type\":\"ListItem\",\"position\":1,\"name\":\"Hem\",\"item\":\"https:\/\/msimonsson.se\/\"},{\"@type\":\"ListItem\",\"position\":2,\"name\":\"Den Coronastressade entrepren\u00f6rens julafton\"}]},{\"@type\":\"WebSite\",\"@id\":\"https:\/\/msimonsson.se\/#website\",\"url\":\"https:\/\/msimonsson.se\/\",\"name\":\"Marie Simonsson Business Consulting\",\"description\":\"Business Consulting\",\"publisher\":{\"@id\":\"https:\/\/msimonsson.se\/#organization\"},\"potentialAction\":[{\"@type\":\"SearchAction\",\"target\":{\"@type\":\"EntryPoint\",\"urlTemplate\":\"https:\/\/msimonsson.se\/?s={search_term_string}\"},\"query-input\":{\"@type\":\"PropertyValueSpecification\",\"valueRequired\":true,\"valueName\":\"search_term_string\"}}],\"inLanguage\":\"sv-SE\"},{\"@type\":\"Organization\",\"@id\":\"https:\/\/msimonsson.se\/#organization\",\"name\":\"Marie Simonsson Business Consulting\",\"url\":\"https:\/\/msimonsson.se\/\",\"logo\":{\"@type\":\"ImageObject\",\"inLanguage\":\"sv-SE\",\"@id\":\"https:\/\/msimonsson.se\/#\/schema\/logo\/image\/\",\"url\":\"https:\/\/msimonsson.se\/wp-content\/uploads\/2023\/08\/Marie_Simonsson_business_consulting.jpg\",\"contentUrl\":\"https:\/\/msimonsson.se\/wp-content\/uploads\/2023\/08\/Marie_Simonsson_business_consulting.jpg\",\"width\":645,\"height\":144,\"caption\":\"Marie Simonsson Business Consulting\"},\"image\":{\"@id\":\"https:\/\/msimonsson.se\/#\/schema\/logo\/image\/\"},\"sameAs\":[\"https:\/\/www.facebook.com\/msimonsson.se\",\"https:\/\/www.instagram.com\/msimonssonab\/\"]},{\"@type\":\"Person\",\"@id\":\"https:\/\/msimonsson.se\/#\/schema\/person\/c1f6d7642c2de3211be0a8bf810f4ac0\",\"name\":\"Marie Simonsson\",\"image\":{\"@type\":\"ImageObject\",\"inLanguage\":\"sv-SE\",\"@id\":\"https:\/\/msimonsson.se\/#\/schema\/person\/image\/\",\"url\":\"https:\/\/secure.gravatar.com\/avatar\/d2aa79522fb63fd956693647b35d907a5829de559b544536c1f8995f26685673?s=96&d=mm&r=g\",\"contentUrl\":\"https:\/\/secure.gravatar.com\/avatar\/d2aa79522fb63fd956693647b35d907a5829de559b544536c1f8995f26685673?s=96&d=mm&r=g\",\"caption\":\"Marie Simonsson\"},\"url\":\"https:\/\/msimonsson.se\/index.php\/author\/marie\/\"}]}<\/script>\n<!-- \/ Yoast SEO plugin. -->","yoast_head_json":{"title":"Den Coronastressade entrepren\u00f6rens julafton - Marie Simonsson","description":"Lever du den Coronastressade entrepren\u00f6rens liv just nu? Vill du veta mer om hur du kan skapa ett st\u00f6rre lugn i ditt liv?","robots":{"index":"index","follow":"follow","max-snippet":"max-snippet:-1","max-image-preview":"max-image-preview:large","max-video-preview":"max-video-preview:-1"},"canonical":"https:\/\/msimonsson.se\/index.php\/2020\/12\/27\/den-coronastressade-entreprenorens-julafton\/","og_locale":"sv_SE","og_type":"article","og_title":"Den Coronastressade entrepren\u00f6rens julafton - Marie Simonsson","og_description":"Lever du den Coronastressade entrepren\u00f6rens liv just nu? Vill du veta mer om hur du kan skapa ett st\u00f6rre lugn i ditt liv?","og_url":"https:\/\/msimonsson.se\/index.php\/2020\/12\/27\/den-coronastressade-entreprenorens-julafton\/","og_site_name":"Marie Simonsson","article_publisher":"https:\/\/www.facebook.com\/msimonsson.se","article_published_time":"2020-12-27T12:24:45+00:00","og_image":[{"width":800,"height":533,"url":"https:\/\/msimonsson.se\/wp-content\/uploads\/2020\/12\/canstockphoto22458553.jpg","type":"image\/jpeg"}],"author":"Marie Simonsson","twitter_card":"summary_large_image","twitter_misc":{"Skriven av":"Marie Simonsson","Ber\u00e4knad l\u00e4stid":"6 minuter"},"schema":{"@context":"https:\/\/schema.org","@graph":[{"@type":"Article","@id":"https:\/\/msimonsson.se\/index.php\/2020\/12\/27\/den-coronastressade-entreprenorens-julafton\/#article","isPartOf":{"@id":"https:\/\/msimonsson.se\/index.php\/2020\/12\/27\/den-coronastressade-entreprenorens-julafton\/"},"author":{"name":"Marie Simonsson","@id":"https:\/\/msimonsson.se\/#\/schema\/person\/c1f6d7642c2de3211be0a8bf810f4ac0"},"headline":"Den Coronastressade entrepren\u00f6rens julafton","datePublished":"2020-12-27T12:24:45+00:00","mainEntityOfPage":{"@id":"https:\/\/msimonsson.se\/index.php\/2020\/12\/27\/den-coronastressade-entreprenorens-julafton\/"},"wordCount":1300,"commentCount":0,"publisher":{"@id":"https:\/\/msimonsson.se\/#organization"},"image":{"@id":"https:\/\/msimonsson.se\/index.php\/2020\/12\/27\/den-coronastressade-entreprenorens-julafton\/#primaryimage"},"thumbnailUrl":"https:\/\/msimonsson.se\/wp-content\/uploads\/2020\/12\/canstockphoto22458553.jpg","keywords":["#aff\u00e4rsplan","#coronastressad","#divanavigator","#entrepren\u00f6r"],"articleSection":["Aff\u00e4rsplan","Aff\u00e4rsutveckling","Aktuellt","Bowen Systemteori","Stressade organisationer"],"inLanguage":"sv-SE","potentialAction":[{"@type":"CommentAction","name":"Comment","target":["https:\/\/msimonsson.se\/index.php\/2020\/12\/27\/den-coronastressade-entreprenorens-julafton\/#respond"]}]},{"@type":"WebPage","@id":"https:\/\/msimonsson.se\/index.php\/2020\/12\/27\/den-coronastressade-entreprenorens-julafton\/","url":"https:\/\/msimonsson.se\/index.php\/2020\/12\/27\/den-coronastressade-entreprenorens-julafton\/","name":"Den Coronastressade entrepren\u00f6rens julafton - Marie Simonsson","isPartOf":{"@id":"https:\/\/msimonsson.se\/#website"},"primaryImageOfPage":{"@id":"https:\/\/msimonsson.se\/index.php\/2020\/12\/27\/den-coronastressade-entreprenorens-julafton\/#primaryimage"},"image":{"@id":"https:\/\/msimonsson.se\/index.php\/2020\/12\/27\/den-coronastressade-entreprenorens-julafton\/#primaryimage"},"thumbnailUrl":"https:\/\/msimonsson.se\/wp-content\/uploads\/2020\/12\/canstockphoto22458553.jpg","datePublished":"2020-12-27T12:24:45+00:00","description":"Lever du den Coronastressade entrepren\u00f6rens liv just nu? Vill du veta mer om hur du kan skapa ett st\u00f6rre lugn i ditt liv?","breadcrumb":{"@id":"https:\/\/msimonsson.se\/index.php\/2020\/12\/27\/den-coronastressade-entreprenorens-julafton\/#breadcrumb"},"inLanguage":"sv-SE","potentialAction":[{"@type":"ReadAction","target":["https:\/\/msimonsson.se\/index.php\/2020\/12\/27\/den-coronastressade-entreprenorens-julafton\/"]}]},{"@type":"ImageObject","inLanguage":"sv-SE","@id":"https:\/\/msimonsson.se\/index.php\/2020\/12\/27\/den-coronastressade-entreprenorens-julafton\/#primaryimage","url":"https:\/\/msimonsson.se\/wp-content\/uploads\/2020\/12\/canstockphoto22458553.jpg","contentUrl":"https:\/\/msimonsson.se\/wp-content\/uploads\/2020\/12\/canstockphoto22458553.jpg","width":800,"height":533},{"@type":"BreadcrumbList","@id":"https:\/\/msimonsson.se\/index.php\/2020\/12\/27\/den-coronastressade-entreprenorens-julafton\/#breadcrumb","itemListElement":[{"@type":"ListItem","position":1,"name":"Hem","item":"https:\/\/msimonsson.se\/"},{"@type":"ListItem","position":2,"name":"Den Coronastressade entrepren\u00f6rens julafton"}]},{"@type":"WebSite","@id":"https:\/\/msimonsson.se\/#website","url":"https:\/\/msimonsson.se\/","name":"Marie Simonsson Business Consulting","description":"Business Consulting","publisher":{"@id":"https:\/\/msimonsson.se\/#organization"},"potentialAction":[{"@type":"SearchAction","target":{"@type":"EntryPoint","urlTemplate":"https:\/\/msimonsson.se\/?s={search_term_string}"},"query-input":{"@type":"PropertyValueSpecification","valueRequired":true,"valueName":"search_term_string"}}],"inLanguage":"sv-SE"},{"@type":"Organization","@id":"https:\/\/msimonsson.se\/#organization","name":"Marie Simonsson Business Consulting","url":"https:\/\/msimonsson.se\/","logo":{"@type":"ImageObject","inLanguage":"sv-SE","@id":"https:\/\/msimonsson.se\/#\/schema\/logo\/image\/","url":"https:\/\/msimonsson.se\/wp-content\/uploads\/2023\/08\/Marie_Simonsson_business_consulting.jpg","contentUrl":"https:\/\/msimonsson.se\/wp-content\/uploads\/2023\/08\/Marie_Simonsson_business_consulting.jpg","width":645,"height":144,"caption":"Marie Simonsson Business Consulting"},"image":{"@id":"https:\/\/msimonsson.se\/#\/schema\/logo\/image\/"},"sameAs":["https:\/\/www.facebook.com\/msimonsson.se","https:\/\/www.instagram.com\/msimonssonab\/"]},{"@type":"Person","@id":"https:\/\/msimonsson.se\/#\/schema\/person\/c1f6d7642c2de3211be0a8bf810f4ac0","name":"Marie Simonsson","image":{"@type":"ImageObject","inLanguage":"sv-SE","@id":"https:\/\/msimonsson.se\/#\/schema\/person\/image\/","url":"https:\/\/secure.gravatar.com\/avatar\/d2aa79522fb63fd956693647b35d907a5829de559b544536c1f8995f26685673?s=96&d=mm&r=g","contentUrl":"https:\/\/secure.gravatar.com\/avatar\/d2aa79522fb63fd956693647b35d907a5829de559b544536c1f8995f26685673?s=96&d=mm&r=g","caption":"Marie Simonsson"},"url":"https:\/\/msimonsson.se\/index.php\/author\/marie\/"}]}},"_links":{"self":[{"href":"https:\/\/msimonsson.se\/index.php\/wp-json\/wp\/v2\/posts\/14008","targetHints":{"allow":["GET"]}}],"collection":[{"href":"https:\/\/msimonsson.se\/index.php\/wp-json\/wp\/v2\/posts"}],"about":[{"href":"https:\/\/msimonsson.se\/index.php\/wp-json\/wp\/v2\/types\/post"}],"author":[{"embeddable":true,"href":"https:\/\/msimonsson.se\/index.php\/wp-json\/wp\/v2\/users\/4"}],"replies":[{"embeddable":true,"href":"https:\/\/msimonsson.se\/index.php\/wp-json\/wp\/v2\/comments?post=14008"}],"version-history":[{"count":0,"href":"https:\/\/msimonsson.se\/index.php\/wp-json\/wp\/v2\/posts\/14008\/revisions"}],"wp:featuredmedia":[{"embeddable":true,"href":"https:\/\/msimonsson.se\/index.php\/wp-json\/wp\/v2\/media\/14019"}],"wp:attachment":[{"href":"https:\/\/msimonsson.se\/index.php\/wp-json\/wp\/v2\/media?parent=14008"}],"wp:term":[{"taxonomy":"category","embeddable":true,"href":"https:\/\/msimonsson.se\/index.php\/wp-json\/wp\/v2\/categories?post=14008"},{"taxonomy":"post_tag","embeddable":true,"href":"https:\/\/msimonsson.se\/index.php\/wp-json\/wp\/v2\/tags?post=14008"}],"curies":[{"name":"wp","href":"https:\/\/api.w.org\/{rel}","templated":true}]}}