{"id":1400,"date":"2018-04-20T14:16:10","date_gmt":"2018-04-20T12:16:10","guid":{"rendered":"http:\/\/msimonsson.se\/?p=1400"},"modified":"2018-04-20T14:16:10","modified_gmt":"2018-04-20T12:16:10","slug":"visionaren-planterar-ett-trad","status":"publish","type":"post","link":"https:\/\/msimonsson.se\/index.php\/2018\/04\/20\/visionaren-planterar-ett-trad\/","title":{"rendered":"Vision\u00e4ren planterar ett tr\u00e4d"},"content":{"rendered":"<p>En vision\u00e4r planerar ett tr\u00e4d. Vision\u00e4ren har en bild av framtiden klar f\u00f6r sig. En bild utifr\u00e5n dagens kunskap. Jag \u00e4r skogs\u00e4gare sedan m\u00e5nga generationer tillbaka. Jag gillar att plantera. Det ironiska i livet \u00e4r att ju \u00e4ldre och klokare jag blir, desto mindre chans har jag att f\u00e5 veta hur min v\u00e4l vision kommer att st\u00e4mma med utveckling och omv\u00e4rlden. Samtidigt \u00e4r stora delar av min egen skog resultatet av min pappas plantering och skogssk\u00f6tsel.<\/p>\n<p>N\u00e4r vi pratar framtid blir vi ofta teknikfixerade. Applikationer. Flygande bilar. Chips som \u00e4ter sjukdomar inne i kroppen. Och \u00e4nnu mer tekniska l\u00f6sningar. Men framtiden liksom det f\u00f6rflutna handlar om hur vi p\u00e5 b\u00e4sta s\u00e4tt f\u00f6rvaltar v\u00e5ra f\u00f6rnyelsebara resurser. D\u00e5 handlar det om v\u00e5ra beteenden. Om skogen ska v\u00e4xa och vara en resurs \u00e4ven f\u00f6r framtidens skogs\u00e4gare kan jag inte v\u00e4nta p\u00e5 \u201dfacit\u201d. F\u00f6r framtidens skull m\u00e5ste jag vara vision\u00e4r i det lilla. N\u00e4r jag tar beslutat om var plantan (gran eller tall? Eller kanske l\u00e4rk??!) ska ner i jorden s\u00e5 ser jag det frodiga vuxna tr\u00e4det framf\u00f6r mig. Hur det st\u00e5r d\u00e4r stort och m\u00e4ktigt, l\u00e4tt vajande i vinden. F\u00f6r framtida skogsbrukares b\u00e4sta m\u00e5ste jag redan idag se l\u00e5ngsiktigheten. Jag beh\u00f6ver ha en vision kring klimatf\u00f6r\u00e4ndring, \u00e4gandet och r\u00e4tten att bruka framtidens skog och hur framtidens gr\u00f6na f\u00f6retagare kommer att verka.<\/p>\n<blockquote><p><em><span style=\"font-size: 14pt;\">Idag finns en os\u00e4kerhet kring framtida spelregler som \u00e4r f\u00f6r\u00f6dande f\u00f6r en skogstung region som J\u00e4mtland H\u00e4rjedalen!<\/span><\/em><\/p><\/blockquote>\n<p>Det \u00e4r sj\u00e4lvklart att digital teknik och digital f\u00f6rm\u00e5ga kommer att medf\u00f6ra digitala beteenden. Redan idag ser vi se stora f\u00f6r\u00e4ndringar i livsstil och livsmilj\u00f6. Vem trodde f\u00f6r 10 \u00e5r sedan att det skulle vara naturligt att dela b\u00e5de stort som sm\u00e5tt, genomt\u00e4nkt som ogenomt\u00e4nkt med hela v\u00e4rlden, helt i blindo? Att den personliga sekretessen pl\u00f6tsligt inte \u00e4r s\u00e5 viktig i f\u00f6rh\u00e5llande till delad kunskap och delade upplevelser?<\/p>\n<p>Om tio \u00e5r kommer tv\u00e5 av tre av av befolkningen att bo och leva urbant. Den sista tredjedelen \u00e4r i m\u00e5nga fall m\u00e4nniskor som jag sj\u00e4lv. N\u00e5gon som v\u00e4ljer livsstil f\u00f6rst och sedan anpassar arbete och f\u00f6retagande utifr\u00e5n livsstilen. Vi \u00e4r allt fler som utnyttjar den nya mobiliteten till att v\u00e4lja livsmilj\u00f6 s\u00e5v\u00e4l som livsstil. Jag kan v\u00e4lja min omgivning och ta med mig jobbet eller f\u00f6retaget dit, ist\u00e4llet f\u00f6r att flytta till arbetet eller den marknad som jag arbetar p\u00e5. H\u00e4r finns stora v\u00e4rden i v\u00e5ra resurser i milj\u00f6, omgivning och fritidsaktiviteter i J\u00e4mtland H\u00e4rjedalen. Utm\u00e4rkande f\u00f6r m\u00e5nga av oss \u00e4r att v\u00e5rt f\u00f6retagande har flera grenar. Bor man mitt i stora f\u00f6rnyelsebara resurser \u00e4r det sv\u00e5rt att inte se m\u00f6jligheterna med det vi har omkring oss. \u00c4r vi inte m\u00e5ngsysslande entrepren\u00f6r s\u00e5 blir vi.<\/p>\n<p>Vi \u00e4gnar tv\u00e5 dagars konferens \u00e5t att fundera p\u00e5 framtidens behov inom tillg\u00e4nglighet, attraktion och digitala resurser. F\u00f6r mig med ett stort engagemang i skogsbruket \u00e4r alla de h\u00e4r fr\u00e5gorna stora och viktiga. Med tillg\u00e4nglighet och attraktivitet menar vi ofta tillg\u00e4ngligheten<strong> in<\/strong> till den fysiska platsen, och attraktivitet p\u00e5 plats. Att gl\u00f6mma att tillg\u00e4nglighet <strong>ut<\/strong> till marknaden p\u00e5 konkurrensvettiga villkor \u00e4r n\u00e5got vi aldrig f\u00e5r tappa bort!<\/p>\n<blockquote><p><em><span style=\"font-size: 14pt;\">Att \u00e4gandet \u00e4r n\u00e4ra kopplat till det aktiva brukandet i min framtidsvision \u00e4r en sj\u00e4lvklarhet<\/span><\/em><\/p><\/blockquote>\n<p>Tillg\u00e4nglighet \u00e4r i h\u00f6gsta grad m\u00f6jligheten att bedriva mitt f\u00f6retagande vision\u00e4rt och l\u00e5ngsiktigt. Den lokala marknaden i regionen r\u00e4cker inte f\u00f6r m\u00e5nga av f\u00f6retagarna, oavsett om vi s\u00e4ljer tj\u00e4nster eller produkter. Att n\u00e5 ut till kunden \u00e4r n\u00f6dv\u00e4ndigt f\u00f6r att s\u00e4kerst\u00e4lla att f\u00f6retagandet blomstrar \u00e5ret runt. F\u00f6r att f\u00e5 en befolkningstillv\u00e4xt och kunna beh\u00e5lla v\u00e5ra \u00f6ppna landskap kr\u00e4vs att f\u00f6retagandet har b\u00e5de l\u00e5ngsiktiga spelregler och ekonomiskt h\u00e5llbara villkor. Det g\u00e4ller att transporterna ut fr\u00e5n regionen fungerar s\u00e5 att mina tr\u00e4d b\u00e4st kan utnyttjas i framtiden. Troligen till andra produkter och med ett b\u00e4ttre anv\u00e4ndande av en hundra\u00e5ring produkt \u00e4n vi kan och g\u00f6r idag n\u00e4r bara vart fj\u00e4rde tr\u00e4d vidaref\u00f6r\u00e4dlas inom Regionen. Oavsett vad mina tr\u00e4d blir i slut\u00e4ndan s\u00e5 \u00e4r mitt f\u00f6retags v\u00e4rde helt beroende av att infrastrukturen fungerar hela v\u00e4gen!<\/p>\n<p>Framtidens skogsbrukare kommer troligen, liksom idag, \u00f6verta sitt familjeskogsbruk i ett generationsskifte. \u00c4garen har en stark emotionell bindning och k\u00e4nsla f\u00f6r den egna skogen trots fysiska avst\u00e5nd i vardagen. D\u00e5 kan tillg\u00e4ngligheten handla om den lilla digitala kameran i favoritskogsgl\u00e4ntan eller vid saltstenen i skogen. Att f\u00e5 f\u00f6lja sn\u00f6sm\u00e4ltningen dag f\u00f6r dag utan att f\u00f6r den skull vara p\u00e5 plats. Skogs\u00e4gandet kan tack vare nya verktyg vara aktivt och dagligt med nya former av tillg\u00e4nglighet. Den duktige skogs\u00e4garen \u00e4r redan idag engagerad och kunnig, men inte alltid den som sj\u00e4lv r\u00f6jer och ser till att plantan v\u00e4xer. Framtidstro och engagemang kr\u00e4ver dock att vi har klara spelregler och en l\u00e5ngsiktighet i besluten. Idag finns en os\u00e4kerhet som \u00e4r f\u00f6r\u00f6dande f\u00f6r en skogstung region som J\u00e4mtland H\u00e4rjedalen.<\/p>\n<p>Framtidens lokala befolkning \u00e4r \u201domv\u00e4nda\u201d digitala nomader p\u00e5 samma s\u00e4tt som ungdomarna som skapar digitala hubbar p\u00e5 Bali och Colombia. Medan de \u00e4r digitala nomader och reser sj\u00e4lva kommer m\u00e5nga av oss att vara omv\u00e4nda digitala nomader. Vi vill njuta av milj\u00f6n, utsikten och k\u00e4nslan lokalt och arbeta nationellt eller globalt. Vi beh\u00f6ver inte l\u00e4ngre resa f\u00f6r att f\u00e5 r\u00e5dgivning eller utbildning. F\u00f6r enklare kr\u00e4mpor borde jag kunna prata med doktor i dator och \u00e4nd\u00e5 k\u00e4nna f\u00f6rtroende och trygghet. Redan idag finns tekniken, nu handlar det om attityder.<\/p>\n<p>\u00c4ven om f\u00f6r\u00e4ndring \u00e4r skr\u00e4mmande och of\u00f6ruts\u00e4gbar s\u00e5 kommer den. Det\u00a0 unika nu \u00e4r att f\u00f6r f\u00f6rsta g\u00e5ngen genom tiderna har vi inte en relativ nackdel av v\u00e5rt geografiska l\u00e4ge. Vi kan erbjuda kvalificerade arbetss\u00f6kande fantastisk boendemilj\u00f6. Med en unik livskvalitet. Och stadens utbud \u00e4r alltid tillr\u00e4ckligt n\u00e4ra n\u00e4r vi vill leva urbant n\u00e5gra dagar. \u00a0F\u00f6r att allt ska bli framtid p\u00e5 ett l\u00e5ngsiktigt h\u00e5llbart s\u00e4tt kr\u00e4vs att m\u00e4nniskor tar sig hit med vettiga alternativ, att det g\u00e5r att skapa ett l\u00e5ngsiktigt ekonomiskt h\u00e5llbart liv h\u00e4r och att vi kan arbeta p\u00e5 st\u00f6rre marknader \u00e4r bara regionen. <strong>Varor och tj\u00e4nster m\u00e5ste kunna skickas ut ur regionen p\u00e5 ekonomiskt konkurrensm\u00e4ssiga villkor. Utan fungerande infrastruktur g\u00e5r det inte.<\/strong><\/p>\n<p><span style=\"font-size: 10pt;\"><em>Den h\u00e4r bloggen \u00e4r ungef\u00e4r det inl\u00e4gg som jag hade p\u00e5 Region J\u00e4mtland H\u00e4rjedalens konferens om Framtidens Infrastruktur i Vemdalsskalet den 16 &amp; 17 april 2018. . Vill du veta med? Se<\/em><\/span><\/p>\n<p><span style=\"font-size: 10pt;\"><em><a href=\"https:\/\/www.regionjh.se\/download\/18.5f2d4fde161663e78f4f23d\/1518525409236\/Inbjudan%20konferens%20infrastruktur.pdf\">https:\/\/www.regionjh.se\/download\/18.5f2d4fde161663e78f4f23d\/1518525409236\/Inbjudan%20konferens%20infrastruktur.pdf<\/a><\/em><\/span><\/p>\n<p><em>\u00a0<\/em><\/p>\n<p><em>\u00a0<\/em><\/p>\n","protected":false},"excerpt":{"rendered":"<p>En vision\u00e4r planerar ett tr\u00e4d. Vision\u00e4ren har en bild av framtiden klar f\u00f6r sig. En bild utifr\u00e5n dagens kunskap. Jag \u00e4r skogs\u00e4gare sedan m\u00e5nga generationer tillbaka. Jag gillar att plantera. Det ironiska i livet \u00e4r att ju \u00e4ldre och klokare jag blir, desto mindre chans har jag att f\u00e5 veta hur min v\u00e4l vision kommer [&hellip;]<\/p>\n","protected":false},"author":4,"featured_media":1404,"comment_status":"open","ping_status":"open","sticky":false,"template":"","format":"standard","meta":{"_et_pb_use_builder":"","_et_pb_old_content":"","_et_gb_content_width":"","footnotes":""},"categories":[24,16,21,28,29],"tags":[47,48,49],"class_list":["post-1400","post","type-post","status-publish","format-standard","has-post-thumbnail","hentry","category-affarsutveckling","category-aktuellt","category-allmant","category-familjeskogsbruk","category-foretagare-i-landsbygd","tag-familjeskogsbruket","tag-framtidensskog","tag-visionaren"],"yoast_head":"<!-- This site is optimized with the Yoast SEO plugin v26.8 - https:\/\/yoast.com\/product\/yoast-seo-wordpress\/ -->\n<title>Vision\u00e4ren planterar ett tr\u00e4d - Marie Simonsson<\/title>\n<meta name=\"robots\" content=\"index, follow, max-snippet:-1, max-image-preview:large, max-video-preview:-1\" \/>\n<link rel=\"canonical\" href=\"https:\/\/msimonsson.se\/index.php\/2018\/04\/20\/visionaren-planterar-ett-trad\/\" \/>\n<meta property=\"og:locale\" content=\"sv_SE\" \/>\n<meta property=\"og:type\" content=\"article\" \/>\n<meta property=\"og:title\" content=\"Vision\u00e4ren planterar ett tr\u00e4d - Marie Simonsson\" \/>\n<meta property=\"og:description\" content=\"En vision\u00e4r planerar ett tr\u00e4d. Vision\u00e4ren har en bild av framtiden klar f\u00f6r sig. En bild utifr\u00e5n dagens kunskap. Jag \u00e4r skogs\u00e4gare sedan m\u00e5nga generationer tillbaka. Jag gillar att plantera. Det ironiska i livet \u00e4r att ju \u00e4ldre och klokare jag blir, desto mindre chans har jag att f\u00e5 veta hur min v\u00e4l vision kommer [&hellip;]\" \/>\n<meta property=\"og:url\" content=\"https:\/\/msimonsson.se\/index.php\/2018\/04\/20\/visionaren-planterar-ett-trad\/\" \/>\n<meta property=\"og:site_name\" content=\"Marie Simonsson\" \/>\n<meta property=\"article:publisher\" content=\"https:\/\/www.facebook.com\/msimonsson.se\" \/>\n<meta property=\"article:published_time\" content=\"2018-04-20T12:16:10+00:00\" \/>\n<meta property=\"og:image\" content=\"https:\/\/msimonsson.se\/wp-content\/uploads\/2018\/04\/canstockphoto23953571.jpg\" \/>\n\t<meta property=\"og:image:width\" content=\"800\" \/>\n\t<meta property=\"og:image:height\" content=\"533\" \/>\n\t<meta property=\"og:image:type\" content=\"image\/jpeg\" \/>\n<meta name=\"author\" content=\"Marie Simonsson\" \/>\n<meta name=\"twitter:card\" content=\"summary_large_image\" \/>\n<meta name=\"twitter:label1\" content=\"Skriven av\" \/>\n\t<meta name=\"twitter:data1\" content=\"Marie Simonsson\" \/>\n\t<meta name=\"twitter:label2\" content=\"Ber\u00e4knad l\u00e4stid\" \/>\n\t<meta name=\"twitter:data2\" content=\"6 minuter\" \/>\n<script type=\"application\/ld+json\" class=\"yoast-schema-graph\">{\"@context\":\"https:\/\/schema.org\",\"@graph\":[{\"@type\":\"Article\",\"@id\":\"https:\/\/msimonsson.se\/index.php\/2018\/04\/20\/visionaren-planterar-ett-trad\/#article\",\"isPartOf\":{\"@id\":\"https:\/\/msimonsson.se\/index.php\/2018\/04\/20\/visionaren-planterar-ett-trad\/\"},\"author\":{\"name\":\"Marie Simonsson\",\"@id\":\"https:\/\/msimonsson.se\/#\/schema\/person\/c1f6d7642c2de3211be0a8bf810f4ac0\"},\"headline\":\"Vision\u00e4ren planterar ett tr\u00e4d\",\"datePublished\":\"2018-04-20T12:16:10+00:00\",\"mainEntityOfPage\":{\"@id\":\"https:\/\/msimonsson.se\/index.php\/2018\/04\/20\/visionaren-planterar-ett-trad\/\"},\"wordCount\":1259,\"commentCount\":0,\"publisher\":{\"@id\":\"https:\/\/msimonsson.se\/#organization\"},\"image\":{\"@id\":\"https:\/\/msimonsson.se\/index.php\/2018\/04\/20\/visionaren-planterar-ett-trad\/#primaryimage\"},\"thumbnailUrl\":\"https:\/\/msimonsson.se\/wp-content\/uploads\/2018\/04\/canstockphoto23953571.jpg\",\"keywords\":[\"#familjeskogsbruket\",\"#framtidensskog\",\"#vision\u00e4ren\"],\"articleSection\":[\"Aff\u00e4rsutveckling\",\"Aktuellt\",\"Allm\u00e4nt\",\"Familjeskogsbruk\",\"F\u00f6retagare i landsbygd\"],\"inLanguage\":\"sv-SE\",\"potentialAction\":[{\"@type\":\"CommentAction\",\"name\":\"Comment\",\"target\":[\"https:\/\/msimonsson.se\/index.php\/2018\/04\/20\/visionaren-planterar-ett-trad\/#respond\"]}]},{\"@type\":\"WebPage\",\"@id\":\"https:\/\/msimonsson.se\/index.php\/2018\/04\/20\/visionaren-planterar-ett-trad\/\",\"url\":\"https:\/\/msimonsson.se\/index.php\/2018\/04\/20\/visionaren-planterar-ett-trad\/\",\"name\":\"Vision\u00e4ren planterar ett tr\u00e4d - Marie Simonsson\",\"isPartOf\":{\"@id\":\"https:\/\/msimonsson.se\/#website\"},\"primaryImageOfPage\":{\"@id\":\"https:\/\/msimonsson.se\/index.php\/2018\/04\/20\/visionaren-planterar-ett-trad\/#primaryimage\"},\"image\":{\"@id\":\"https:\/\/msimonsson.se\/index.php\/2018\/04\/20\/visionaren-planterar-ett-trad\/#primaryimage\"},\"thumbnailUrl\":\"https:\/\/msimonsson.se\/wp-content\/uploads\/2018\/04\/canstockphoto23953571.jpg\",\"datePublished\":\"2018-04-20T12:16:10+00:00\",\"breadcrumb\":{\"@id\":\"https:\/\/msimonsson.se\/index.php\/2018\/04\/20\/visionaren-planterar-ett-trad\/#breadcrumb\"},\"inLanguage\":\"sv-SE\",\"potentialAction\":[{\"@type\":\"ReadAction\",\"target\":[\"https:\/\/msimonsson.se\/index.php\/2018\/04\/20\/visionaren-planterar-ett-trad\/\"]}]},{\"@type\":\"ImageObject\",\"inLanguage\":\"sv-SE\",\"@id\":\"https:\/\/msimonsson.se\/index.php\/2018\/04\/20\/visionaren-planterar-ett-trad\/#primaryimage\",\"url\":\"https:\/\/msimonsson.se\/wp-content\/uploads\/2018\/04\/canstockphoto23953571.jpg\",\"contentUrl\":\"https:\/\/msimonsson.se\/wp-content\/uploads\/2018\/04\/canstockphoto23953571.jpg\",\"width\":800,\"height\":533},{\"@type\":\"BreadcrumbList\",\"@id\":\"https:\/\/msimonsson.se\/index.php\/2018\/04\/20\/visionaren-planterar-ett-trad\/#breadcrumb\",\"itemListElement\":[{\"@type\":\"ListItem\",\"position\":1,\"name\":\"Hem\",\"item\":\"https:\/\/msimonsson.se\/\"},{\"@type\":\"ListItem\",\"position\":2,\"name\":\"Vision\u00e4ren planterar ett tr\u00e4d\"}]},{\"@type\":\"WebSite\",\"@id\":\"https:\/\/msimonsson.se\/#website\",\"url\":\"https:\/\/msimonsson.se\/\",\"name\":\"Marie Simonsson Business Consulting\",\"description\":\"Business Consulting\",\"publisher\":{\"@id\":\"https:\/\/msimonsson.se\/#organization\"},\"potentialAction\":[{\"@type\":\"SearchAction\",\"target\":{\"@type\":\"EntryPoint\",\"urlTemplate\":\"https:\/\/msimonsson.se\/?s={search_term_string}\"},\"query-input\":{\"@type\":\"PropertyValueSpecification\",\"valueRequired\":true,\"valueName\":\"search_term_string\"}}],\"inLanguage\":\"sv-SE\"},{\"@type\":\"Organization\",\"@id\":\"https:\/\/msimonsson.se\/#organization\",\"name\":\"Marie Simonsson Business Consulting\",\"url\":\"https:\/\/msimonsson.se\/\",\"logo\":{\"@type\":\"ImageObject\",\"inLanguage\":\"sv-SE\",\"@id\":\"https:\/\/msimonsson.se\/#\/schema\/logo\/image\/\",\"url\":\"https:\/\/msimonsson.se\/wp-content\/uploads\/2023\/08\/Marie_Simonsson_business_consulting.jpg\",\"contentUrl\":\"https:\/\/msimonsson.se\/wp-content\/uploads\/2023\/08\/Marie_Simonsson_business_consulting.jpg\",\"width\":645,\"height\":144,\"caption\":\"Marie Simonsson Business Consulting\"},\"image\":{\"@id\":\"https:\/\/msimonsson.se\/#\/schema\/logo\/image\/\"},\"sameAs\":[\"https:\/\/www.facebook.com\/msimonsson.se\",\"https:\/\/www.instagram.com\/msimonssonab\/\"]},{\"@type\":\"Person\",\"@id\":\"https:\/\/msimonsson.se\/#\/schema\/person\/c1f6d7642c2de3211be0a8bf810f4ac0\",\"name\":\"Marie Simonsson\",\"image\":{\"@type\":\"ImageObject\",\"inLanguage\":\"sv-SE\",\"@id\":\"https:\/\/msimonsson.se\/#\/schema\/person\/image\/\",\"url\":\"https:\/\/secure.gravatar.com\/avatar\/d2aa79522fb63fd956693647b35d907a5829de559b544536c1f8995f26685673?s=96&d=mm&r=g\",\"contentUrl\":\"https:\/\/secure.gravatar.com\/avatar\/d2aa79522fb63fd956693647b35d907a5829de559b544536c1f8995f26685673?s=96&d=mm&r=g\",\"caption\":\"Marie Simonsson\"},\"url\":\"https:\/\/msimonsson.se\/index.php\/author\/marie\/\"}]}<\/script>\n<!-- \/ Yoast SEO plugin. -->","yoast_head_json":{"title":"Vision\u00e4ren planterar ett tr\u00e4d - Marie Simonsson","robots":{"index":"index","follow":"follow","max-snippet":"max-snippet:-1","max-image-preview":"max-image-preview:large","max-video-preview":"max-video-preview:-1"},"canonical":"https:\/\/msimonsson.se\/index.php\/2018\/04\/20\/visionaren-planterar-ett-trad\/","og_locale":"sv_SE","og_type":"article","og_title":"Vision\u00e4ren planterar ett tr\u00e4d - Marie Simonsson","og_description":"En vision\u00e4r planerar ett tr\u00e4d. Vision\u00e4ren har en bild av framtiden klar f\u00f6r sig. En bild utifr\u00e5n dagens kunskap. Jag \u00e4r skogs\u00e4gare sedan m\u00e5nga generationer tillbaka. Jag gillar att plantera. Det ironiska i livet \u00e4r att ju \u00e4ldre och klokare jag blir, desto mindre chans har jag att f\u00e5 veta hur min v\u00e4l vision kommer [&hellip;]","og_url":"https:\/\/msimonsson.se\/index.php\/2018\/04\/20\/visionaren-planterar-ett-trad\/","og_site_name":"Marie Simonsson","article_publisher":"https:\/\/www.facebook.com\/msimonsson.se","article_published_time":"2018-04-20T12:16:10+00:00","og_image":[{"width":800,"height":533,"url":"https:\/\/msimonsson.se\/wp-content\/uploads\/2018\/04\/canstockphoto23953571.jpg","type":"image\/jpeg"}],"author":"Marie Simonsson","twitter_card":"summary_large_image","twitter_misc":{"Skriven av":"Marie Simonsson","Ber\u00e4knad l\u00e4stid":"6 minuter"},"schema":{"@context":"https:\/\/schema.org","@graph":[{"@type":"Article","@id":"https:\/\/msimonsson.se\/index.php\/2018\/04\/20\/visionaren-planterar-ett-trad\/#article","isPartOf":{"@id":"https:\/\/msimonsson.se\/index.php\/2018\/04\/20\/visionaren-planterar-ett-trad\/"},"author":{"name":"Marie Simonsson","@id":"https:\/\/msimonsson.se\/#\/schema\/person\/c1f6d7642c2de3211be0a8bf810f4ac0"},"headline":"Vision\u00e4ren planterar ett tr\u00e4d","datePublished":"2018-04-20T12:16:10+00:00","mainEntityOfPage":{"@id":"https:\/\/msimonsson.se\/index.php\/2018\/04\/20\/visionaren-planterar-ett-trad\/"},"wordCount":1259,"commentCount":0,"publisher":{"@id":"https:\/\/msimonsson.se\/#organization"},"image":{"@id":"https:\/\/msimonsson.se\/index.php\/2018\/04\/20\/visionaren-planterar-ett-trad\/#primaryimage"},"thumbnailUrl":"https:\/\/msimonsson.se\/wp-content\/uploads\/2018\/04\/canstockphoto23953571.jpg","keywords":["#familjeskogsbruket","#framtidensskog","#vision\u00e4ren"],"articleSection":["Aff\u00e4rsutveckling","Aktuellt","Allm\u00e4nt","Familjeskogsbruk","F\u00f6retagare i landsbygd"],"inLanguage":"sv-SE","potentialAction":[{"@type":"CommentAction","name":"Comment","target":["https:\/\/msimonsson.se\/index.php\/2018\/04\/20\/visionaren-planterar-ett-trad\/#respond"]}]},{"@type":"WebPage","@id":"https:\/\/msimonsson.se\/index.php\/2018\/04\/20\/visionaren-planterar-ett-trad\/","url":"https:\/\/msimonsson.se\/index.php\/2018\/04\/20\/visionaren-planterar-ett-trad\/","name":"Vision\u00e4ren planterar ett tr\u00e4d - Marie Simonsson","isPartOf":{"@id":"https:\/\/msimonsson.se\/#website"},"primaryImageOfPage":{"@id":"https:\/\/msimonsson.se\/index.php\/2018\/04\/20\/visionaren-planterar-ett-trad\/#primaryimage"},"image":{"@id":"https:\/\/msimonsson.se\/index.php\/2018\/04\/20\/visionaren-planterar-ett-trad\/#primaryimage"},"thumbnailUrl":"https:\/\/msimonsson.se\/wp-content\/uploads\/2018\/04\/canstockphoto23953571.jpg","datePublished":"2018-04-20T12:16:10+00:00","breadcrumb":{"@id":"https:\/\/msimonsson.se\/index.php\/2018\/04\/20\/visionaren-planterar-ett-trad\/#breadcrumb"},"inLanguage":"sv-SE","potentialAction":[{"@type":"ReadAction","target":["https:\/\/msimonsson.se\/index.php\/2018\/04\/20\/visionaren-planterar-ett-trad\/"]}]},{"@type":"ImageObject","inLanguage":"sv-SE","@id":"https:\/\/msimonsson.se\/index.php\/2018\/04\/20\/visionaren-planterar-ett-trad\/#primaryimage","url":"https:\/\/msimonsson.se\/wp-content\/uploads\/2018\/04\/canstockphoto23953571.jpg","contentUrl":"https:\/\/msimonsson.se\/wp-content\/uploads\/2018\/04\/canstockphoto23953571.jpg","width":800,"height":533},{"@type":"BreadcrumbList","@id":"https:\/\/msimonsson.se\/index.php\/2018\/04\/20\/visionaren-planterar-ett-trad\/#breadcrumb","itemListElement":[{"@type":"ListItem","position":1,"name":"Hem","item":"https:\/\/msimonsson.se\/"},{"@type":"ListItem","position":2,"name":"Vision\u00e4ren planterar ett tr\u00e4d"}]},{"@type":"WebSite","@id":"https:\/\/msimonsson.se\/#website","url":"https:\/\/msimonsson.se\/","name":"Marie Simonsson Business Consulting","description":"Business Consulting","publisher":{"@id":"https:\/\/msimonsson.se\/#organization"},"potentialAction":[{"@type":"SearchAction","target":{"@type":"EntryPoint","urlTemplate":"https:\/\/msimonsson.se\/?s={search_term_string}"},"query-input":{"@type":"PropertyValueSpecification","valueRequired":true,"valueName":"search_term_string"}}],"inLanguage":"sv-SE"},{"@type":"Organization","@id":"https:\/\/msimonsson.se\/#organization","name":"Marie Simonsson Business Consulting","url":"https:\/\/msimonsson.se\/","logo":{"@type":"ImageObject","inLanguage":"sv-SE","@id":"https:\/\/msimonsson.se\/#\/schema\/logo\/image\/","url":"https:\/\/msimonsson.se\/wp-content\/uploads\/2023\/08\/Marie_Simonsson_business_consulting.jpg","contentUrl":"https:\/\/msimonsson.se\/wp-content\/uploads\/2023\/08\/Marie_Simonsson_business_consulting.jpg","width":645,"height":144,"caption":"Marie Simonsson Business Consulting"},"image":{"@id":"https:\/\/msimonsson.se\/#\/schema\/logo\/image\/"},"sameAs":["https:\/\/www.facebook.com\/msimonsson.se","https:\/\/www.instagram.com\/msimonssonab\/"]},{"@type":"Person","@id":"https:\/\/msimonsson.se\/#\/schema\/person\/c1f6d7642c2de3211be0a8bf810f4ac0","name":"Marie Simonsson","image":{"@type":"ImageObject","inLanguage":"sv-SE","@id":"https:\/\/msimonsson.se\/#\/schema\/person\/image\/","url":"https:\/\/secure.gravatar.com\/avatar\/d2aa79522fb63fd956693647b35d907a5829de559b544536c1f8995f26685673?s=96&d=mm&r=g","contentUrl":"https:\/\/secure.gravatar.com\/avatar\/d2aa79522fb63fd956693647b35d907a5829de559b544536c1f8995f26685673?s=96&d=mm&r=g","caption":"Marie Simonsson"},"url":"https:\/\/msimonsson.se\/index.php\/author\/marie\/"}]}},"_links":{"self":[{"href":"https:\/\/msimonsson.se\/index.php\/wp-json\/wp\/v2\/posts\/1400","targetHints":{"allow":["GET"]}}],"collection":[{"href":"https:\/\/msimonsson.se\/index.php\/wp-json\/wp\/v2\/posts"}],"about":[{"href":"https:\/\/msimonsson.se\/index.php\/wp-json\/wp\/v2\/types\/post"}],"author":[{"embeddable":true,"href":"https:\/\/msimonsson.se\/index.php\/wp-json\/wp\/v2\/users\/4"}],"replies":[{"embeddable":true,"href":"https:\/\/msimonsson.se\/index.php\/wp-json\/wp\/v2\/comments?post=1400"}],"version-history":[{"count":0,"href":"https:\/\/msimonsson.se\/index.php\/wp-json\/wp\/v2\/posts\/1400\/revisions"}],"wp:featuredmedia":[{"embeddable":true,"href":"https:\/\/msimonsson.se\/index.php\/wp-json\/wp\/v2\/media\/1404"}],"wp:attachment":[{"href":"https:\/\/msimonsson.se\/index.php\/wp-json\/wp\/v2\/media?parent=1400"}],"wp:term":[{"taxonomy":"category","embeddable":true,"href":"https:\/\/msimonsson.se\/index.php\/wp-json\/wp\/v2\/categories?post=1400"},{"taxonomy":"post_tag","embeddable":true,"href":"https:\/\/msimonsson.se\/index.php\/wp-json\/wp\/v2\/tags?post=1400"}],"curies":[{"name":"wp","href":"https:\/\/api.w.org\/{rel}","templated":true}]}}