{"id":1388,"date":"2018-04-01T13:36:53","date_gmt":"2018-04-01T11:36:53","guid":{"rendered":"http:\/\/msimonsson.se\/?p=1388"},"modified":"2018-04-01T13:36:53","modified_gmt":"2018-04-01T11:36:53","slug":"det-borde-vara-lag-pa-saffranstid","status":"publish","type":"post","link":"https:\/\/msimonsson.se\/index.php\/2018\/04\/01\/det-borde-vara-lag-pa-saffranstid\/","title":{"rendered":"Det borde vara lag p\u00e5 Saffranstid\u00ae"},"content":{"rendered":"<p>Vikten av att unna sig lite egen tid mitt i vardagens brus. Att ta sig lite Saffranstid\u00ae \u00e4r s\u00e5 o\u00e4ndligt viktigt. Vardagens gr\u00e5 lunk beh\u00f6ver kryddas till och f\u00e5 b\u00e5de f\u00e4rg och doft emellan\u00e5t f\u00f6r att det ska vara v\u00e4rt att springa p\u00e5 i det \u201dvanliga\u201d gr\u00e5. F\u00f6r m\u00e5nga \u00e5r sedan ins\u00e5g jag att det bara beh\u00f6vs en nypa av den d\u00e4r speciella tiden f\u00f6r att allt annat ska g\u00e5 l\u00e4ttare. Den s\u00e4tter liksom krydda p\u00e5 hela tillvaron.<\/p>\n<p>Ibland har jag valt att ta till riktigt ordentligt. Jag har Pilgrimsvandrat till Santiago Di Compostela. St\u00e5tt i katedralen och k\u00e4nt lugnet efter mer \u00e4n tolvhundra \u00e5r av pilgrimer som vandrat dit av alla m\u00f6jliga och om\u00f6jliga sk\u00e4l. Men f\u00f6r det mesta finns min Saffranstid\u00ae mitt i vardagen. Att g\u00e5 ifr\u00e5n dator, kalkyler och aff\u00e4rsplaner f\u00f6r att ta en kort promenad mitt i dagsmejan. Att njuta av k\u00e4nslan av v\u00e5r i luften och samtidigt leka med hunden \u00e4r en fantastisk krydda i min tillvaro. Det kan ocks\u00e5 vara att sitta p\u00e5 ett \u00e4lgpass mitt i skogen utan att n\u00e5got h\u00e4nder. Att filosofera \u00f6ver de allt nyfiknare lavskrikorna \u00e4r ocks\u00e5 krydda i tillvaron.<\/p>\n<blockquote><p><span style=\"font-size: 12pt;\"><em>Att &#8221;unna mig&#8221; egen tid \u00e4r den b\u00e4sta kryddan i mitt liv!<\/em><\/span><\/p><\/blockquote>\n<p>Valet\u00a0att \u201dunna mig\u201d tid att s\u00e4tta f\u00e4rg och doft p\u00e5 vardagen handlar egentligen om prioriteringar i livet. Jag kommer knappast att \u00e5ngra min skogspromenad. Inte heller n\u00e4r jag valde att njuta av en \u00e5ngade nybryggd kopp kaffe i solskenet. Det \u00e4r \u00f6gonblicken vi inte tar som vi efter\u00e5t \u00e5ngrar.\u00a0Det borde vara lag att ta sig Saffranstid\u00ae i vardagen. Att stanna upp och dofta p\u00e5 blommorna eller verkligen smaka p\u00e5 kaffet. Det ska inte vara lyx (eller kopplat till d\u00e5ligt samvete) att krydda vardagen med\u00a0de sm\u00e5 \u00f6gonblicken.<\/p>\n<p>Vi vet att stress smittar. N\u00e4r vi stressar p\u00e5 och springer som hamstrar i ett hjul s\u00e5 stressar vi \u00e4ven alla andra att stressa p\u00e5 och springa \u00e4nnu fortare. F\u00f6ljaktligen kan en enda m\u00e4nniska som v\u00e4ljer att stanna upp och njuta av sin egen Saffranstid\u00ae p\u00e5verka alla andra omkring. En enda m\u00e4nniska kan genom ett enda aktivt val \u2013 valet att s\u00e4tta lite krydda p\u00e5 vardagen &#8211; \u00a0p\u00e5verka familjen, arbetskamraterna och kompisarna att ocks\u00e5 tagga ner lite grann. En enda m\u00e4nniska kan vara en positiv f\u00f6r\u00e4ndringsagent i det stora hela. S\u00e5 visst vore det en h\u00e4rlig v\u00e4rld om fler satte lite f\u00e4rg och k\u00e4nsla p\u00e5 sin vardag?<\/p>\n<p><span style=\"font-size: 8pt;\"><em>F\u00f6r dig som inte vet hur du ska starta din process till en b\u00e4ttre prioritering fylld med egen tid finns Saffranstid<\/em><em>\u00ae<\/em><em> som ett program f\u00f6r att utveckla det personliga ledarskapet. Vill du veta med? Se\u00a0<\/em><a href=\"http:\/\/msimonsson.se\/saffranstid\/\"><em>http:\/\/msimonsson.se\/saffranstid\/<\/em><\/a><\/span><\/p>\n","protected":false},"excerpt":{"rendered":"<p>Vikten av att unna sig lite egen tid mitt i vardagens brus. Att ta sig lite Saffranstid\u00ae \u00e4r s\u00e5 o\u00e4ndligt viktigt. Vardagens gr\u00e5 lunk beh\u00f6ver kryddas till och f\u00e5 b\u00e5de f\u00e4rg och doft emellan\u00e5t f\u00f6r att det ska vara v\u00e4rt att springa p\u00e5 i det \u201dvanliga\u201d gr\u00e5. F\u00f6r m\u00e5nga \u00e5r sedan ins\u00e5g jag att det [&hellip;]<\/p>\n","protected":false},"author":4,"featured_media":1395,"comment_status":"open","ping_status":"open","sticky":false,"template":"","format":"standard","meta":{"_et_pb_use_builder":"","_et_pb_old_content":"","_et_gb_content_width":"","footnotes":""},"categories":[21,26,32,18],"tags":[45,46,17],"class_list":["post-1388","post","type-post","status-publish","format-standard","has-post-thumbnail","hentry","category-allmant","category-mentor","category-personligt-ledarskap","category-saffranstid","tag-idagsmejanstid","tag-personligutvecklig","tag-saffranstid"],"yoast_head":"<!-- This site is optimized with the Yoast SEO plugin v26.8 - https:\/\/yoast.com\/product\/yoast-seo-wordpress\/ -->\n<title>Det borde vara lag p\u00e5 Saffranstid\u00ae - Marie Simonsson<\/title>\n<meta name=\"robots\" content=\"index, follow, max-snippet:-1, max-image-preview:large, max-video-preview:-1\" \/>\n<link rel=\"canonical\" href=\"https:\/\/msimonsson.se\/index.php\/2018\/04\/01\/det-borde-vara-lag-pa-saffranstid\/\" \/>\n<meta property=\"og:locale\" content=\"sv_SE\" \/>\n<meta property=\"og:type\" content=\"article\" \/>\n<meta property=\"og:title\" content=\"Det borde vara lag p\u00e5 Saffranstid\u00ae - Marie Simonsson\" \/>\n<meta property=\"og:description\" content=\"Vikten av att unna sig lite egen tid mitt i vardagens brus. Att ta sig lite Saffranstid\u00ae \u00e4r s\u00e5 o\u00e4ndligt viktigt. Vardagens gr\u00e5 lunk beh\u00f6ver kryddas till och f\u00e5 b\u00e5de f\u00e4rg och doft emellan\u00e5t f\u00f6r att det ska vara v\u00e4rt att springa p\u00e5 i det \u201dvanliga\u201d gr\u00e5. F\u00f6r m\u00e5nga \u00e5r sedan ins\u00e5g jag att det [&hellip;]\" \/>\n<meta property=\"og:url\" content=\"https:\/\/msimonsson.se\/index.php\/2018\/04\/01\/det-borde-vara-lag-pa-saffranstid\/\" \/>\n<meta property=\"og:site_name\" content=\"Marie Simonsson\" \/>\n<meta property=\"article:publisher\" content=\"https:\/\/www.facebook.com\/msimonsson.se\" \/>\n<meta property=\"article:published_time\" content=\"2018-04-01T11:36:53+00:00\" \/>\n<meta property=\"og:image\" content=\"https:\/\/msimonsson.se\/wp-content\/uploads\/2018\/03\/20171224_115116-e1522530515774.jpg\" \/>\n\t<meta property=\"og:image:width\" content=\"2000\" \/>\n\t<meta property=\"og:image:height\" content=\"1500\" \/>\n\t<meta property=\"og:image:type\" content=\"image\/jpeg\" \/>\n<meta name=\"author\" content=\"Marie Simonsson\" \/>\n<meta name=\"twitter:card\" content=\"summary_large_image\" \/>\n<meta name=\"twitter:label1\" content=\"Skriven av\" \/>\n\t<meta name=\"twitter:data1\" content=\"Marie Simonsson\" \/>\n\t<meta name=\"twitter:label2\" content=\"Ber\u00e4knad l\u00e4stid\" \/>\n\t<meta name=\"twitter:data2\" content=\"2 minuter\" \/>\n<script type=\"application\/ld+json\" class=\"yoast-schema-graph\">{\"@context\":\"https:\/\/schema.org\",\"@graph\":[{\"@type\":\"Article\",\"@id\":\"https:\/\/msimonsson.se\/index.php\/2018\/04\/01\/det-borde-vara-lag-pa-saffranstid\/#article\",\"isPartOf\":{\"@id\":\"https:\/\/msimonsson.se\/index.php\/2018\/04\/01\/det-borde-vara-lag-pa-saffranstid\/\"},\"author\":{\"name\":\"Marie Simonsson\",\"@id\":\"https:\/\/msimonsson.se\/#\/schema\/person\/c1f6d7642c2de3211be0a8bf810f4ac0\"},\"headline\":\"Det borde vara lag p\u00e5 Saffranstid\u00ae\",\"datePublished\":\"2018-04-01T11:36:53+00:00\",\"mainEntityOfPage\":{\"@id\":\"https:\/\/msimonsson.se\/index.php\/2018\/04\/01\/det-borde-vara-lag-pa-saffranstid\/\"},\"wordCount\":494,\"commentCount\":0,\"publisher\":{\"@id\":\"https:\/\/msimonsson.se\/#organization\"},\"image\":{\"@id\":\"https:\/\/msimonsson.se\/index.php\/2018\/04\/01\/det-borde-vara-lag-pa-saffranstid\/#primaryimage\"},\"thumbnailUrl\":\"https:\/\/msimonsson.se\/wp-content\/uploads\/2018\/03\/20171224_115116-e1522530515774.jpg\",\"keywords\":[\"#idagsmejanstid\",\"#personligutvecklig\",\"saffranstid\"],\"articleSection\":[\"Allm\u00e4nt\",\"Mentor\",\"Personligt ledarskap\",\"Saffranstid\u00ae\"],\"inLanguage\":\"sv-SE\",\"potentialAction\":[{\"@type\":\"CommentAction\",\"name\":\"Comment\",\"target\":[\"https:\/\/msimonsson.se\/index.php\/2018\/04\/01\/det-borde-vara-lag-pa-saffranstid\/#respond\"]}]},{\"@type\":\"WebPage\",\"@id\":\"https:\/\/msimonsson.se\/index.php\/2018\/04\/01\/det-borde-vara-lag-pa-saffranstid\/\",\"url\":\"https:\/\/msimonsson.se\/index.php\/2018\/04\/01\/det-borde-vara-lag-pa-saffranstid\/\",\"name\":\"Det borde vara lag p\u00e5 Saffranstid\u00ae - Marie Simonsson\",\"isPartOf\":{\"@id\":\"https:\/\/msimonsson.se\/#website\"},\"primaryImageOfPage\":{\"@id\":\"https:\/\/msimonsson.se\/index.php\/2018\/04\/01\/det-borde-vara-lag-pa-saffranstid\/#primaryimage\"},\"image\":{\"@id\":\"https:\/\/msimonsson.se\/index.php\/2018\/04\/01\/det-borde-vara-lag-pa-saffranstid\/#primaryimage\"},\"thumbnailUrl\":\"https:\/\/msimonsson.se\/wp-content\/uploads\/2018\/03\/20171224_115116-e1522530515774.jpg\",\"datePublished\":\"2018-04-01T11:36:53+00:00\",\"breadcrumb\":{\"@id\":\"https:\/\/msimonsson.se\/index.php\/2018\/04\/01\/det-borde-vara-lag-pa-saffranstid\/#breadcrumb\"},\"inLanguage\":\"sv-SE\",\"potentialAction\":[{\"@type\":\"ReadAction\",\"target\":[\"https:\/\/msimonsson.se\/index.php\/2018\/04\/01\/det-borde-vara-lag-pa-saffranstid\/\"]}]},{\"@type\":\"ImageObject\",\"inLanguage\":\"sv-SE\",\"@id\":\"https:\/\/msimonsson.se\/index.php\/2018\/04\/01\/det-borde-vara-lag-pa-saffranstid\/#primaryimage\",\"url\":\"https:\/\/msimonsson.se\/wp-content\/uploads\/2018\/03\/20171224_115116-e1522530515774.jpg\",\"contentUrl\":\"https:\/\/msimonsson.se\/wp-content\/uploads\/2018\/03\/20171224_115116-e1522530515774.jpg\",\"width\":2000,\"height\":1500},{\"@type\":\"BreadcrumbList\",\"@id\":\"https:\/\/msimonsson.se\/index.php\/2018\/04\/01\/det-borde-vara-lag-pa-saffranstid\/#breadcrumb\",\"itemListElement\":[{\"@type\":\"ListItem\",\"position\":1,\"name\":\"Hem\",\"item\":\"https:\/\/msimonsson.se\/\"},{\"@type\":\"ListItem\",\"position\":2,\"name\":\"Det borde vara lag p\u00e5 Saffranstid\u00ae\"}]},{\"@type\":\"WebSite\",\"@id\":\"https:\/\/msimonsson.se\/#website\",\"url\":\"https:\/\/msimonsson.se\/\",\"name\":\"Marie Simonsson Business Consulting\",\"description\":\"Business Consulting\",\"publisher\":{\"@id\":\"https:\/\/msimonsson.se\/#organization\"},\"potentialAction\":[{\"@type\":\"SearchAction\",\"target\":{\"@type\":\"EntryPoint\",\"urlTemplate\":\"https:\/\/msimonsson.se\/?s={search_term_string}\"},\"query-input\":{\"@type\":\"PropertyValueSpecification\",\"valueRequired\":true,\"valueName\":\"search_term_string\"}}],\"inLanguage\":\"sv-SE\"},{\"@type\":\"Organization\",\"@id\":\"https:\/\/msimonsson.se\/#organization\",\"name\":\"Marie Simonsson Business Consulting\",\"url\":\"https:\/\/msimonsson.se\/\",\"logo\":{\"@type\":\"ImageObject\",\"inLanguage\":\"sv-SE\",\"@id\":\"https:\/\/msimonsson.se\/#\/schema\/logo\/image\/\",\"url\":\"https:\/\/msimonsson.se\/wp-content\/uploads\/2023\/08\/Marie_Simonsson_business_consulting.jpg\",\"contentUrl\":\"https:\/\/msimonsson.se\/wp-content\/uploads\/2023\/08\/Marie_Simonsson_business_consulting.jpg\",\"width\":645,\"height\":144,\"caption\":\"Marie Simonsson Business Consulting\"},\"image\":{\"@id\":\"https:\/\/msimonsson.se\/#\/schema\/logo\/image\/\"},\"sameAs\":[\"https:\/\/www.facebook.com\/msimonsson.se\",\"https:\/\/www.instagram.com\/msimonssonab\/\"]},{\"@type\":\"Person\",\"@id\":\"https:\/\/msimonsson.se\/#\/schema\/person\/c1f6d7642c2de3211be0a8bf810f4ac0\",\"name\":\"Marie Simonsson\",\"image\":{\"@type\":\"ImageObject\",\"inLanguage\":\"sv-SE\",\"@id\":\"https:\/\/msimonsson.se\/#\/schema\/person\/image\/\",\"url\":\"https:\/\/secure.gravatar.com\/avatar\/d2aa79522fb63fd956693647b35d907a5829de559b544536c1f8995f26685673?s=96&d=mm&r=g\",\"contentUrl\":\"https:\/\/secure.gravatar.com\/avatar\/d2aa79522fb63fd956693647b35d907a5829de559b544536c1f8995f26685673?s=96&d=mm&r=g\",\"caption\":\"Marie Simonsson\"},\"url\":\"https:\/\/msimonsson.se\/index.php\/author\/marie\/\"}]}<\/script>\n<!-- \/ Yoast SEO plugin. -->","yoast_head_json":{"title":"Det borde vara lag p\u00e5 Saffranstid\u00ae - Marie Simonsson","robots":{"index":"index","follow":"follow","max-snippet":"max-snippet:-1","max-image-preview":"max-image-preview:large","max-video-preview":"max-video-preview:-1"},"canonical":"https:\/\/msimonsson.se\/index.php\/2018\/04\/01\/det-borde-vara-lag-pa-saffranstid\/","og_locale":"sv_SE","og_type":"article","og_title":"Det borde vara lag p\u00e5 Saffranstid\u00ae - Marie Simonsson","og_description":"Vikten av att unna sig lite egen tid mitt i vardagens brus. Att ta sig lite Saffranstid\u00ae \u00e4r s\u00e5 o\u00e4ndligt viktigt. Vardagens gr\u00e5 lunk beh\u00f6ver kryddas till och f\u00e5 b\u00e5de f\u00e4rg och doft emellan\u00e5t f\u00f6r att det ska vara v\u00e4rt att springa p\u00e5 i det \u201dvanliga\u201d gr\u00e5. F\u00f6r m\u00e5nga \u00e5r sedan ins\u00e5g jag att det [&hellip;]","og_url":"https:\/\/msimonsson.se\/index.php\/2018\/04\/01\/det-borde-vara-lag-pa-saffranstid\/","og_site_name":"Marie Simonsson","article_publisher":"https:\/\/www.facebook.com\/msimonsson.se","article_published_time":"2018-04-01T11:36:53+00:00","og_image":[{"width":2000,"height":1500,"url":"https:\/\/msimonsson.se\/wp-content\/uploads\/2018\/03\/20171224_115116-e1522530515774.jpg","type":"image\/jpeg"}],"author":"Marie Simonsson","twitter_card":"summary_large_image","twitter_misc":{"Skriven av":"Marie Simonsson","Ber\u00e4knad l\u00e4stid":"2 minuter"},"schema":{"@context":"https:\/\/schema.org","@graph":[{"@type":"Article","@id":"https:\/\/msimonsson.se\/index.php\/2018\/04\/01\/det-borde-vara-lag-pa-saffranstid\/#article","isPartOf":{"@id":"https:\/\/msimonsson.se\/index.php\/2018\/04\/01\/det-borde-vara-lag-pa-saffranstid\/"},"author":{"name":"Marie Simonsson","@id":"https:\/\/msimonsson.se\/#\/schema\/person\/c1f6d7642c2de3211be0a8bf810f4ac0"},"headline":"Det borde vara lag p\u00e5 Saffranstid\u00ae","datePublished":"2018-04-01T11:36:53+00:00","mainEntityOfPage":{"@id":"https:\/\/msimonsson.se\/index.php\/2018\/04\/01\/det-borde-vara-lag-pa-saffranstid\/"},"wordCount":494,"commentCount":0,"publisher":{"@id":"https:\/\/msimonsson.se\/#organization"},"image":{"@id":"https:\/\/msimonsson.se\/index.php\/2018\/04\/01\/det-borde-vara-lag-pa-saffranstid\/#primaryimage"},"thumbnailUrl":"https:\/\/msimonsson.se\/wp-content\/uploads\/2018\/03\/20171224_115116-e1522530515774.jpg","keywords":["#idagsmejanstid","#personligutvecklig","saffranstid"],"articleSection":["Allm\u00e4nt","Mentor","Personligt ledarskap","Saffranstid\u00ae"],"inLanguage":"sv-SE","potentialAction":[{"@type":"CommentAction","name":"Comment","target":["https:\/\/msimonsson.se\/index.php\/2018\/04\/01\/det-borde-vara-lag-pa-saffranstid\/#respond"]}]},{"@type":"WebPage","@id":"https:\/\/msimonsson.se\/index.php\/2018\/04\/01\/det-borde-vara-lag-pa-saffranstid\/","url":"https:\/\/msimonsson.se\/index.php\/2018\/04\/01\/det-borde-vara-lag-pa-saffranstid\/","name":"Det borde vara lag p\u00e5 Saffranstid\u00ae - Marie Simonsson","isPartOf":{"@id":"https:\/\/msimonsson.se\/#website"},"primaryImageOfPage":{"@id":"https:\/\/msimonsson.se\/index.php\/2018\/04\/01\/det-borde-vara-lag-pa-saffranstid\/#primaryimage"},"image":{"@id":"https:\/\/msimonsson.se\/index.php\/2018\/04\/01\/det-borde-vara-lag-pa-saffranstid\/#primaryimage"},"thumbnailUrl":"https:\/\/msimonsson.se\/wp-content\/uploads\/2018\/03\/20171224_115116-e1522530515774.jpg","datePublished":"2018-04-01T11:36:53+00:00","breadcrumb":{"@id":"https:\/\/msimonsson.se\/index.php\/2018\/04\/01\/det-borde-vara-lag-pa-saffranstid\/#breadcrumb"},"inLanguage":"sv-SE","potentialAction":[{"@type":"ReadAction","target":["https:\/\/msimonsson.se\/index.php\/2018\/04\/01\/det-borde-vara-lag-pa-saffranstid\/"]}]},{"@type":"ImageObject","inLanguage":"sv-SE","@id":"https:\/\/msimonsson.se\/index.php\/2018\/04\/01\/det-borde-vara-lag-pa-saffranstid\/#primaryimage","url":"https:\/\/msimonsson.se\/wp-content\/uploads\/2018\/03\/20171224_115116-e1522530515774.jpg","contentUrl":"https:\/\/msimonsson.se\/wp-content\/uploads\/2018\/03\/20171224_115116-e1522530515774.jpg","width":2000,"height":1500},{"@type":"BreadcrumbList","@id":"https:\/\/msimonsson.se\/index.php\/2018\/04\/01\/det-borde-vara-lag-pa-saffranstid\/#breadcrumb","itemListElement":[{"@type":"ListItem","position":1,"name":"Hem","item":"https:\/\/msimonsson.se\/"},{"@type":"ListItem","position":2,"name":"Det borde vara lag p\u00e5 Saffranstid\u00ae"}]},{"@type":"WebSite","@id":"https:\/\/msimonsson.se\/#website","url":"https:\/\/msimonsson.se\/","name":"Marie Simonsson Business Consulting","description":"Business Consulting","publisher":{"@id":"https:\/\/msimonsson.se\/#organization"},"potentialAction":[{"@type":"SearchAction","target":{"@type":"EntryPoint","urlTemplate":"https:\/\/msimonsson.se\/?s={search_term_string}"},"query-input":{"@type":"PropertyValueSpecification","valueRequired":true,"valueName":"search_term_string"}}],"inLanguage":"sv-SE"},{"@type":"Organization","@id":"https:\/\/msimonsson.se\/#organization","name":"Marie Simonsson Business Consulting","url":"https:\/\/msimonsson.se\/","logo":{"@type":"ImageObject","inLanguage":"sv-SE","@id":"https:\/\/msimonsson.se\/#\/schema\/logo\/image\/","url":"https:\/\/msimonsson.se\/wp-content\/uploads\/2023\/08\/Marie_Simonsson_business_consulting.jpg","contentUrl":"https:\/\/msimonsson.se\/wp-content\/uploads\/2023\/08\/Marie_Simonsson_business_consulting.jpg","width":645,"height":144,"caption":"Marie Simonsson Business Consulting"},"image":{"@id":"https:\/\/msimonsson.se\/#\/schema\/logo\/image\/"},"sameAs":["https:\/\/www.facebook.com\/msimonsson.se","https:\/\/www.instagram.com\/msimonssonab\/"]},{"@type":"Person","@id":"https:\/\/msimonsson.se\/#\/schema\/person\/c1f6d7642c2de3211be0a8bf810f4ac0","name":"Marie Simonsson","image":{"@type":"ImageObject","inLanguage":"sv-SE","@id":"https:\/\/msimonsson.se\/#\/schema\/person\/image\/","url":"https:\/\/secure.gravatar.com\/avatar\/d2aa79522fb63fd956693647b35d907a5829de559b544536c1f8995f26685673?s=96&d=mm&r=g","contentUrl":"https:\/\/secure.gravatar.com\/avatar\/d2aa79522fb63fd956693647b35d907a5829de559b544536c1f8995f26685673?s=96&d=mm&r=g","caption":"Marie Simonsson"},"url":"https:\/\/msimonsson.se\/index.php\/author\/marie\/"}]}},"_links":{"self":[{"href":"https:\/\/msimonsson.se\/index.php\/wp-json\/wp\/v2\/posts\/1388","targetHints":{"allow":["GET"]}}],"collection":[{"href":"https:\/\/msimonsson.se\/index.php\/wp-json\/wp\/v2\/posts"}],"about":[{"href":"https:\/\/msimonsson.se\/index.php\/wp-json\/wp\/v2\/types\/post"}],"author":[{"embeddable":true,"href":"https:\/\/msimonsson.se\/index.php\/wp-json\/wp\/v2\/users\/4"}],"replies":[{"embeddable":true,"href":"https:\/\/msimonsson.se\/index.php\/wp-json\/wp\/v2\/comments?post=1388"}],"version-history":[{"count":0,"href":"https:\/\/msimonsson.se\/index.php\/wp-json\/wp\/v2\/posts\/1388\/revisions"}],"wp:featuredmedia":[{"embeddable":true,"href":"https:\/\/msimonsson.se\/index.php\/wp-json\/wp\/v2\/media\/1395"}],"wp:attachment":[{"href":"https:\/\/msimonsson.se\/index.php\/wp-json\/wp\/v2\/media?parent=1388"}],"wp:term":[{"taxonomy":"category","embeddable":true,"href":"https:\/\/msimonsson.se\/index.php\/wp-json\/wp\/v2\/categories?post=1388"},{"taxonomy":"post_tag","embeddable":true,"href":"https:\/\/msimonsson.se\/index.php\/wp-json\/wp\/v2\/tags?post=1388"}],"curies":[{"name":"wp","href":"https:\/\/api.w.org\/{rel}","templated":true}]}}