{"id":1213,"date":"2017-03-07T12:24:29","date_gmt":"2017-03-07T11:24:29","guid":{"rendered":"http:\/\/msimonsson.se\/?p=1213"},"modified":"2017-03-07T12:24:29","modified_gmt":"2017-03-07T11:24:29","slug":"nu-behover-jag-mina-vandrarkangor","status":"publish","type":"post","link":"https:\/\/msimonsson.se\/index.php\/2017\/03\/07\/nu-behover-jag-mina-vandrarkangor\/","title":{"rendered":"Nu beh\u00f6ver jag mina vandrark\u00e4ngor"},"content":{"rendered":"<p>Att fotvandra ger mig perspektiv p\u00e5 b\u00e5de n\u00e4rvaro, livet och tiden. Aldrig \u00e4r jag s\u00e5 n\u00e4ra b\u00e5de nuet och historien som n\u00e4r jag g\u00e5r f\u00f6rbi och tittar in i ett litet gammalt kapell i gr\u00e5 sten eller ser stens\u00e4ttningen fr\u00e5n ett leprasjukhus vid sidan om stigen. P\u00e5 samma vandringsled som hoppfulla, och ibland botf\u00e4rdiga, vandrare g\u00e5tt tusen \u00e5r f\u00f6re mig.<\/p>\n<p>Att vandra \u00e4r bra f\u00f6r sj\u00e4len. I alla fall f\u00f6r min sj\u00e4l. Det ger tid f\u00f6r eftertanke, n\u00e5got som jag ofta tar mig alltf\u00f6r lite av dagens stressade tidsjakt. D\u00e5 \u00e4r det fascinerande att t\u00e4nka p\u00e5 att de hade mindre med tid f\u00f6rr. De allra flesta levde h\u00e5rdare, blev utslitna snabbare och dog yngre. Allts\u00e5 &#8211; mindre med tid. Samtidigt hann de med s\u00e5 mycket. De lade grunden f\u00f6r v\u00e5rt samh\u00e4lle idag, de demokratiska principer vi lever efter och den trygghet som vi har.\u00a0 Ja eller? Just nu \u00e4r jag l\u00e5ngt fr\u00e5n vandringsk\u00e4ngorna mitt i Washington DC och k\u00e4nner mig mindre trygg och mer fr\u00e5gande kring hur det \u00e4r med demokrati, media och hot i v\u00e4rlden \u00e4n p\u00e5 m\u00e5nga \u00e5r. Den vanliga m\u00e4nniskan verkar leva med en allt st\u00f6rre terrorbild uppm\u00e5lad och en allt st\u00f6rre r\u00e4dsla f\u00f6r grannar, det annorlunda, sjukdom och el\u00e4nde i st\u00f6rsta allm\u00e4nhet.<\/p>\n<blockquote><p><span style=\"font-size: 12pt;\"><em>N\u00e4r den f\u00f6rlamande r\u00e4dslan v\u00e4xer och \u00f6verskuggar nyfikenheten och \u00f6ppenheten d\u00e5 \u00e4r det dags att dra p\u00e5 sig vandrark\u00e4ngorna och f\u00e5 perspektiv<\/em><\/span><\/p><\/blockquote>\n<p>Vi vet att m\u00e4nniskor vandrade fr\u00e5n J\u00e4mtland \u00e4nda ner till Santiago di Compostela redan p\u00e5 1100talet d\u00e5 pilgrimssn\u00e4ckor hittats vid utgr\u00e4vningar. D\u00e5 f\u00f6r tusen \u00e5r sedan v\u00e5gade man sig allts\u00e5 ut i andra kulturer utan hotell, vakter, och pepparspray.<\/p>\n<p>S\u00e5 jag blir bekl\u00e4md och fundersam n\u00e4r jag m\u00e4rker hur vi indoktrineras att vara r\u00e4dda. R\u00e4dda f\u00f6r allt m\u00f6jligt \u2013 fr\u00e5n skogen och m\u00f6rkret till f\u00e5gelsjuka och terroristhot eller n\u00e5gon virrpanna med tillg\u00e5ng till fel r\u00f6d knapp man best\u00e4mmer sig f\u00f6r att trycka p\u00e5 en mindre bra dag.\u00a0 D\u00e5liga nyheter s\u00e4ljer b\u00e4ttre \u00e4r en gammal sanning, men n\u00e4r det b\u00f6rjar avspegla sig i politiken och d\u00e5 genom att den som m\u00e5lar upp b\u00e4st eller v\u00e4rst hotbild vinner. D\u00e5 g\u00e5r vi mot m\u00f6rkare tider.<\/p>\n<p>R\u00e4dslan startar alla m\u00f6jliga reaktioner i oss m\u00e4nniskor. Vi f\u00f6rbereder oss omedvetet f\u00f6r flykt eller strid, Vi trissar upp alla f\u00f6rsvarssystemen i \u00a0v\u00e5r kropp och v\u00e5r hj\u00e4rna b\u00f6rjar sp\u00e5ra m\u00f6nster. M\u00f6nster och antydningar som vi beh\u00f6ver ha koll p\u00e5 n\u00e4r det \u00e4r dags f\u00f6r strid. Under tider med stor oro g\u00f6r det att vi handlingsf\u00f6rlamas ist\u00e4llet f\u00f6r att ta de m\u00e5tt och steg som vi faktiskt kan ta oss f\u00f6r.<\/p>\n<p>Efter allt snurrande kring presidenters twitter uttalanden, v\u00e4rldsoro och tillv\u00e4xten av den f\u00f6rlamande r\u00e4dslan ist\u00e4llet f\u00f6r den \u00f6ppna nyfikenheten inser jag att jag f\u00f6r min del verkligen beh\u00f6ver dra p\u00e5 mig vandringsk\u00e4ngorna och f\u00e5 tillbaka r\u00e4tt perspektiv p\u00e5 v\u00e4rlden och tiden. S\u00e5 som den verkligen \u00e4r. S\u00e5 en vandring med historien en arml\u00e4ngd bort \u00e4r kanske vad jag beh\u00f6ver f\u00f6r att k\u00e4nna tillf\u00f6rsikt f\u00f6r framtiden. Under alla f\u00f6rh\u00e5llanden kommer jag att byta ut \u00a0min alldeles egen negativa spiral\u00a0mot tankar p\u00e5 m\u00f6jligheter, f\u00f6r\u00e4ndring och goda exempel och f\u00f6rebilder,<\/p>\n","protected":false},"excerpt":{"rendered":"<p>Att fotvandra ger mig perspektiv p\u00e5 b\u00e5de n\u00e4rvaro, livet och tiden. Aldrig \u00e4r jag s\u00e5 n\u00e4ra b\u00e5de nuet och historien som n\u00e4r jag g\u00e5r f\u00f6rbi och tittar in i ett litet gammalt kapell i gr\u00e5 sten eller ser stens\u00e4ttningen fr\u00e5n ett leprasjukhus vid sidan om stigen. P\u00e5 samma vandringsled som hoppfulla, och ibland botf\u00e4rdiga, vandrare [&hellip;]<\/p>\n","protected":false},"author":4,"featured_media":1215,"comment_status":"open","ping_status":"open","sticky":false,"template":"","format":"standard","meta":{"_et_pb_use_builder":"","_et_pb_old_content":"","_et_gb_content_width":"","footnotes":""},"categories":[24,16,21,26,30,18],"tags":[],"class_list":["post-1213","post","type-post","status-publish","format-standard","has-post-thumbnail","hentry","category-affarsutveckling","category-aktuellt","category-allmant","category-mentor","category-omvarldsanalys","category-saffranstid"],"yoast_head":"<!-- This site is optimized with the Yoast SEO plugin v26.8 - https:\/\/yoast.com\/product\/yoast-seo-wordpress\/ -->\n<title>Nu beh\u00f6ver jag mina vandrark\u00e4ngor - Marie Simonsson<\/title>\n<meta name=\"robots\" content=\"index, follow, max-snippet:-1, max-image-preview:large, max-video-preview:-1\" \/>\n<link rel=\"canonical\" href=\"https:\/\/msimonsson.se\/index.php\/2017\/03\/07\/nu-behover-jag-mina-vandrarkangor\/\" \/>\n<meta property=\"og:locale\" content=\"sv_SE\" \/>\n<meta property=\"og:type\" content=\"article\" \/>\n<meta property=\"og:title\" content=\"Nu beh\u00f6ver jag mina vandrark\u00e4ngor - Marie Simonsson\" \/>\n<meta property=\"og:description\" content=\"Att fotvandra ger mig perspektiv p\u00e5 b\u00e5de n\u00e4rvaro, livet och tiden. Aldrig \u00e4r jag s\u00e5 n\u00e4ra b\u00e5de nuet och historien som n\u00e4r jag g\u00e5r f\u00f6rbi och tittar in i ett litet gammalt kapell i gr\u00e5 sten eller ser stens\u00e4ttningen fr\u00e5n ett leprasjukhus vid sidan om stigen. P\u00e5 samma vandringsled som hoppfulla, och ibland botf\u00e4rdiga, vandrare [&hellip;]\" \/>\n<meta property=\"og:url\" content=\"https:\/\/msimonsson.se\/index.php\/2017\/03\/07\/nu-behover-jag-mina-vandrarkangor\/\" \/>\n<meta property=\"og:site_name\" content=\"Marie Simonsson\" \/>\n<meta property=\"article:publisher\" content=\"https:\/\/www.facebook.com\/msimonsson.se\" \/>\n<meta property=\"article:published_time\" content=\"2017-03-07T11:24:29+00:00\" \/>\n<meta property=\"og:image\" content=\"https:\/\/msimonsson.se\/wp-content\/uploads\/2017\/03\/Mobil-dec2014-499-3.jpg\" \/>\n\t<meta property=\"og:image:width\" content=\"1684\" \/>\n\t<meta property=\"og:image:height\" content=\"1704\" \/>\n\t<meta property=\"og:image:type\" content=\"image\/jpeg\" \/>\n<meta name=\"author\" content=\"Marie Simonsson\" \/>\n<meta name=\"twitter:card\" content=\"summary_large_image\" \/>\n<meta name=\"twitter:label1\" content=\"Skriven av\" \/>\n\t<meta name=\"twitter:data1\" content=\"Marie Simonsson\" \/>\n\t<meta name=\"twitter:label2\" content=\"Ber\u00e4knad l\u00e4stid\" \/>\n\t<meta name=\"twitter:data2\" content=\"3 minuter\" \/>\n<script type=\"application\/ld+json\" class=\"yoast-schema-graph\">{\"@context\":\"https:\/\/schema.org\",\"@graph\":[{\"@type\":\"Article\",\"@id\":\"https:\/\/msimonsson.se\/index.php\/2017\/03\/07\/nu-behover-jag-mina-vandrarkangor\/#article\",\"isPartOf\":{\"@id\":\"https:\/\/msimonsson.se\/index.php\/2017\/03\/07\/nu-behover-jag-mina-vandrarkangor\/\"},\"author\":{\"name\":\"Marie Simonsson\",\"@id\":\"https:\/\/msimonsson.se\/#\/schema\/person\/c1f6d7642c2de3211be0a8bf810f4ac0\"},\"headline\":\"Nu beh\u00f6ver jag mina vandrark\u00e4ngor\",\"datePublished\":\"2017-03-07T11:24:29+00:00\",\"mainEntityOfPage\":{\"@id\":\"https:\/\/msimonsson.se\/index.php\/2017\/03\/07\/nu-behover-jag-mina-vandrarkangor\/\"},\"wordCount\":637,\"commentCount\":0,\"publisher\":{\"@id\":\"https:\/\/msimonsson.se\/#organization\"},\"image\":{\"@id\":\"https:\/\/msimonsson.se\/index.php\/2017\/03\/07\/nu-behover-jag-mina-vandrarkangor\/#primaryimage\"},\"thumbnailUrl\":\"https:\/\/msimonsson.se\/wp-content\/uploads\/2017\/03\/Mobil-dec2014-499-3.jpg\",\"articleSection\":[\"Aff\u00e4rsutveckling\",\"Aktuellt\",\"Allm\u00e4nt\",\"Mentor\",\"Omv\u00e4rldsanalys\",\"Saffranstid\u00ae\"],\"inLanguage\":\"sv-SE\",\"potentialAction\":[{\"@type\":\"CommentAction\",\"name\":\"Comment\",\"target\":[\"https:\/\/msimonsson.se\/index.php\/2017\/03\/07\/nu-behover-jag-mina-vandrarkangor\/#respond\"]}]},{\"@type\":\"WebPage\",\"@id\":\"https:\/\/msimonsson.se\/index.php\/2017\/03\/07\/nu-behover-jag-mina-vandrarkangor\/\",\"url\":\"https:\/\/msimonsson.se\/index.php\/2017\/03\/07\/nu-behover-jag-mina-vandrarkangor\/\",\"name\":\"Nu beh\u00f6ver jag mina vandrark\u00e4ngor - Marie Simonsson\",\"isPartOf\":{\"@id\":\"https:\/\/msimonsson.se\/#website\"},\"primaryImageOfPage\":{\"@id\":\"https:\/\/msimonsson.se\/index.php\/2017\/03\/07\/nu-behover-jag-mina-vandrarkangor\/#primaryimage\"},\"image\":{\"@id\":\"https:\/\/msimonsson.se\/index.php\/2017\/03\/07\/nu-behover-jag-mina-vandrarkangor\/#primaryimage\"},\"thumbnailUrl\":\"https:\/\/msimonsson.se\/wp-content\/uploads\/2017\/03\/Mobil-dec2014-499-3.jpg\",\"datePublished\":\"2017-03-07T11:24:29+00:00\",\"breadcrumb\":{\"@id\":\"https:\/\/msimonsson.se\/index.php\/2017\/03\/07\/nu-behover-jag-mina-vandrarkangor\/#breadcrumb\"},\"inLanguage\":\"sv-SE\",\"potentialAction\":[{\"@type\":\"ReadAction\",\"target\":[\"https:\/\/msimonsson.se\/index.php\/2017\/03\/07\/nu-behover-jag-mina-vandrarkangor\/\"]}]},{\"@type\":\"ImageObject\",\"inLanguage\":\"sv-SE\",\"@id\":\"https:\/\/msimonsson.se\/index.php\/2017\/03\/07\/nu-behover-jag-mina-vandrarkangor\/#primaryimage\",\"url\":\"https:\/\/msimonsson.se\/wp-content\/uploads\/2017\/03\/Mobil-dec2014-499-3.jpg\",\"contentUrl\":\"https:\/\/msimonsson.se\/wp-content\/uploads\/2017\/03\/Mobil-dec2014-499-3.jpg\",\"width\":1684,\"height\":1704},{\"@type\":\"BreadcrumbList\",\"@id\":\"https:\/\/msimonsson.se\/index.php\/2017\/03\/07\/nu-behover-jag-mina-vandrarkangor\/#breadcrumb\",\"itemListElement\":[{\"@type\":\"ListItem\",\"position\":1,\"name\":\"Hem\",\"item\":\"https:\/\/msimonsson.se\/\"},{\"@type\":\"ListItem\",\"position\":2,\"name\":\"Nu beh\u00f6ver jag mina vandrark\u00e4ngor\"}]},{\"@type\":\"WebSite\",\"@id\":\"https:\/\/msimonsson.se\/#website\",\"url\":\"https:\/\/msimonsson.se\/\",\"name\":\"Marie Simonsson Business Consulting\",\"description\":\"Business Consulting\",\"publisher\":{\"@id\":\"https:\/\/msimonsson.se\/#organization\"},\"potentialAction\":[{\"@type\":\"SearchAction\",\"target\":{\"@type\":\"EntryPoint\",\"urlTemplate\":\"https:\/\/msimonsson.se\/?s={search_term_string}\"},\"query-input\":{\"@type\":\"PropertyValueSpecification\",\"valueRequired\":true,\"valueName\":\"search_term_string\"}}],\"inLanguage\":\"sv-SE\"},{\"@type\":\"Organization\",\"@id\":\"https:\/\/msimonsson.se\/#organization\",\"name\":\"Marie Simonsson Business Consulting\",\"url\":\"https:\/\/msimonsson.se\/\",\"logo\":{\"@type\":\"ImageObject\",\"inLanguage\":\"sv-SE\",\"@id\":\"https:\/\/msimonsson.se\/#\/schema\/logo\/image\/\",\"url\":\"https:\/\/msimonsson.se\/wp-content\/uploads\/2023\/08\/Marie_Simonsson_business_consulting.jpg\",\"contentUrl\":\"https:\/\/msimonsson.se\/wp-content\/uploads\/2023\/08\/Marie_Simonsson_business_consulting.jpg\",\"width\":645,\"height\":144,\"caption\":\"Marie Simonsson Business Consulting\"},\"image\":{\"@id\":\"https:\/\/msimonsson.se\/#\/schema\/logo\/image\/\"},\"sameAs\":[\"https:\/\/www.facebook.com\/msimonsson.se\",\"https:\/\/www.instagram.com\/msimonssonab\/\"]},{\"@type\":\"Person\",\"@id\":\"https:\/\/msimonsson.se\/#\/schema\/person\/c1f6d7642c2de3211be0a8bf810f4ac0\",\"name\":\"Marie Simonsson\",\"image\":{\"@type\":\"ImageObject\",\"inLanguage\":\"sv-SE\",\"@id\":\"https:\/\/msimonsson.se\/#\/schema\/person\/image\/\",\"url\":\"https:\/\/secure.gravatar.com\/avatar\/d2aa79522fb63fd956693647b35d907a5829de559b544536c1f8995f26685673?s=96&d=mm&r=g\",\"contentUrl\":\"https:\/\/secure.gravatar.com\/avatar\/d2aa79522fb63fd956693647b35d907a5829de559b544536c1f8995f26685673?s=96&d=mm&r=g\",\"caption\":\"Marie Simonsson\"},\"url\":\"https:\/\/msimonsson.se\/index.php\/author\/marie\/\"}]}<\/script>\n<!-- \/ Yoast SEO plugin. -->","yoast_head_json":{"title":"Nu beh\u00f6ver jag mina vandrark\u00e4ngor - Marie Simonsson","robots":{"index":"index","follow":"follow","max-snippet":"max-snippet:-1","max-image-preview":"max-image-preview:large","max-video-preview":"max-video-preview:-1"},"canonical":"https:\/\/msimonsson.se\/index.php\/2017\/03\/07\/nu-behover-jag-mina-vandrarkangor\/","og_locale":"sv_SE","og_type":"article","og_title":"Nu beh\u00f6ver jag mina vandrark\u00e4ngor - Marie Simonsson","og_description":"Att fotvandra ger mig perspektiv p\u00e5 b\u00e5de n\u00e4rvaro, livet och tiden. Aldrig \u00e4r jag s\u00e5 n\u00e4ra b\u00e5de nuet och historien som n\u00e4r jag g\u00e5r f\u00f6rbi och tittar in i ett litet gammalt kapell i gr\u00e5 sten eller ser stens\u00e4ttningen fr\u00e5n ett leprasjukhus vid sidan om stigen. P\u00e5 samma vandringsled som hoppfulla, och ibland botf\u00e4rdiga, vandrare [&hellip;]","og_url":"https:\/\/msimonsson.se\/index.php\/2017\/03\/07\/nu-behover-jag-mina-vandrarkangor\/","og_site_name":"Marie Simonsson","article_publisher":"https:\/\/www.facebook.com\/msimonsson.se","article_published_time":"2017-03-07T11:24:29+00:00","og_image":[{"width":1684,"height":1704,"url":"https:\/\/msimonsson.se\/wp-content\/uploads\/2017\/03\/Mobil-dec2014-499-3.jpg","type":"image\/jpeg"}],"author":"Marie Simonsson","twitter_card":"summary_large_image","twitter_misc":{"Skriven av":"Marie Simonsson","Ber\u00e4knad l\u00e4stid":"3 minuter"},"schema":{"@context":"https:\/\/schema.org","@graph":[{"@type":"Article","@id":"https:\/\/msimonsson.se\/index.php\/2017\/03\/07\/nu-behover-jag-mina-vandrarkangor\/#article","isPartOf":{"@id":"https:\/\/msimonsson.se\/index.php\/2017\/03\/07\/nu-behover-jag-mina-vandrarkangor\/"},"author":{"name":"Marie Simonsson","@id":"https:\/\/msimonsson.se\/#\/schema\/person\/c1f6d7642c2de3211be0a8bf810f4ac0"},"headline":"Nu beh\u00f6ver jag mina vandrark\u00e4ngor","datePublished":"2017-03-07T11:24:29+00:00","mainEntityOfPage":{"@id":"https:\/\/msimonsson.se\/index.php\/2017\/03\/07\/nu-behover-jag-mina-vandrarkangor\/"},"wordCount":637,"commentCount":0,"publisher":{"@id":"https:\/\/msimonsson.se\/#organization"},"image":{"@id":"https:\/\/msimonsson.se\/index.php\/2017\/03\/07\/nu-behover-jag-mina-vandrarkangor\/#primaryimage"},"thumbnailUrl":"https:\/\/msimonsson.se\/wp-content\/uploads\/2017\/03\/Mobil-dec2014-499-3.jpg","articleSection":["Aff\u00e4rsutveckling","Aktuellt","Allm\u00e4nt","Mentor","Omv\u00e4rldsanalys","Saffranstid\u00ae"],"inLanguage":"sv-SE","potentialAction":[{"@type":"CommentAction","name":"Comment","target":["https:\/\/msimonsson.se\/index.php\/2017\/03\/07\/nu-behover-jag-mina-vandrarkangor\/#respond"]}]},{"@type":"WebPage","@id":"https:\/\/msimonsson.se\/index.php\/2017\/03\/07\/nu-behover-jag-mina-vandrarkangor\/","url":"https:\/\/msimonsson.se\/index.php\/2017\/03\/07\/nu-behover-jag-mina-vandrarkangor\/","name":"Nu beh\u00f6ver jag mina vandrark\u00e4ngor - Marie Simonsson","isPartOf":{"@id":"https:\/\/msimonsson.se\/#website"},"primaryImageOfPage":{"@id":"https:\/\/msimonsson.se\/index.php\/2017\/03\/07\/nu-behover-jag-mina-vandrarkangor\/#primaryimage"},"image":{"@id":"https:\/\/msimonsson.se\/index.php\/2017\/03\/07\/nu-behover-jag-mina-vandrarkangor\/#primaryimage"},"thumbnailUrl":"https:\/\/msimonsson.se\/wp-content\/uploads\/2017\/03\/Mobil-dec2014-499-3.jpg","datePublished":"2017-03-07T11:24:29+00:00","breadcrumb":{"@id":"https:\/\/msimonsson.se\/index.php\/2017\/03\/07\/nu-behover-jag-mina-vandrarkangor\/#breadcrumb"},"inLanguage":"sv-SE","potentialAction":[{"@type":"ReadAction","target":["https:\/\/msimonsson.se\/index.php\/2017\/03\/07\/nu-behover-jag-mina-vandrarkangor\/"]}]},{"@type":"ImageObject","inLanguage":"sv-SE","@id":"https:\/\/msimonsson.se\/index.php\/2017\/03\/07\/nu-behover-jag-mina-vandrarkangor\/#primaryimage","url":"https:\/\/msimonsson.se\/wp-content\/uploads\/2017\/03\/Mobil-dec2014-499-3.jpg","contentUrl":"https:\/\/msimonsson.se\/wp-content\/uploads\/2017\/03\/Mobil-dec2014-499-3.jpg","width":1684,"height":1704},{"@type":"BreadcrumbList","@id":"https:\/\/msimonsson.se\/index.php\/2017\/03\/07\/nu-behover-jag-mina-vandrarkangor\/#breadcrumb","itemListElement":[{"@type":"ListItem","position":1,"name":"Hem","item":"https:\/\/msimonsson.se\/"},{"@type":"ListItem","position":2,"name":"Nu beh\u00f6ver jag mina vandrark\u00e4ngor"}]},{"@type":"WebSite","@id":"https:\/\/msimonsson.se\/#website","url":"https:\/\/msimonsson.se\/","name":"Marie Simonsson Business Consulting","description":"Business Consulting","publisher":{"@id":"https:\/\/msimonsson.se\/#organization"},"potentialAction":[{"@type":"SearchAction","target":{"@type":"EntryPoint","urlTemplate":"https:\/\/msimonsson.se\/?s={search_term_string}"},"query-input":{"@type":"PropertyValueSpecification","valueRequired":true,"valueName":"search_term_string"}}],"inLanguage":"sv-SE"},{"@type":"Organization","@id":"https:\/\/msimonsson.se\/#organization","name":"Marie Simonsson Business Consulting","url":"https:\/\/msimonsson.se\/","logo":{"@type":"ImageObject","inLanguage":"sv-SE","@id":"https:\/\/msimonsson.se\/#\/schema\/logo\/image\/","url":"https:\/\/msimonsson.se\/wp-content\/uploads\/2023\/08\/Marie_Simonsson_business_consulting.jpg","contentUrl":"https:\/\/msimonsson.se\/wp-content\/uploads\/2023\/08\/Marie_Simonsson_business_consulting.jpg","width":645,"height":144,"caption":"Marie Simonsson Business Consulting"},"image":{"@id":"https:\/\/msimonsson.se\/#\/schema\/logo\/image\/"},"sameAs":["https:\/\/www.facebook.com\/msimonsson.se","https:\/\/www.instagram.com\/msimonssonab\/"]},{"@type":"Person","@id":"https:\/\/msimonsson.se\/#\/schema\/person\/c1f6d7642c2de3211be0a8bf810f4ac0","name":"Marie Simonsson","image":{"@type":"ImageObject","inLanguage":"sv-SE","@id":"https:\/\/msimonsson.se\/#\/schema\/person\/image\/","url":"https:\/\/secure.gravatar.com\/avatar\/d2aa79522fb63fd956693647b35d907a5829de559b544536c1f8995f26685673?s=96&d=mm&r=g","contentUrl":"https:\/\/secure.gravatar.com\/avatar\/d2aa79522fb63fd956693647b35d907a5829de559b544536c1f8995f26685673?s=96&d=mm&r=g","caption":"Marie Simonsson"},"url":"https:\/\/msimonsson.se\/index.php\/author\/marie\/"}]}},"_links":{"self":[{"href":"https:\/\/msimonsson.se\/index.php\/wp-json\/wp\/v2\/posts\/1213","targetHints":{"allow":["GET"]}}],"collection":[{"href":"https:\/\/msimonsson.se\/index.php\/wp-json\/wp\/v2\/posts"}],"about":[{"href":"https:\/\/msimonsson.se\/index.php\/wp-json\/wp\/v2\/types\/post"}],"author":[{"embeddable":true,"href":"https:\/\/msimonsson.se\/index.php\/wp-json\/wp\/v2\/users\/4"}],"replies":[{"embeddable":true,"href":"https:\/\/msimonsson.se\/index.php\/wp-json\/wp\/v2\/comments?post=1213"}],"version-history":[{"count":0,"href":"https:\/\/msimonsson.se\/index.php\/wp-json\/wp\/v2\/posts\/1213\/revisions"}],"wp:featuredmedia":[{"embeddable":true,"href":"https:\/\/msimonsson.se\/index.php\/wp-json\/wp\/v2\/media\/1215"}],"wp:attachment":[{"href":"https:\/\/msimonsson.se\/index.php\/wp-json\/wp\/v2\/media?parent=1213"}],"wp:term":[{"taxonomy":"category","embeddable":true,"href":"https:\/\/msimonsson.se\/index.php\/wp-json\/wp\/v2\/categories?post=1213"},{"taxonomy":"post_tag","embeddable":true,"href":"https:\/\/msimonsson.se\/index.php\/wp-json\/wp\/v2\/tags?post=1213"}],"curies":[{"name":"wp","href":"https:\/\/api.w.org\/{rel}","templated":true}]}}