{"id":1089,"date":"2016-07-18T08:14:41","date_gmt":"2016-07-18T06:14:41","guid":{"rendered":"http:\/\/msimonsson.se\/?p=1089"},"modified":"2016-07-18T08:14:41","modified_gmt":"2016-07-18T06:14:41","slug":"dagen-nar-omvarlden-tystnade","status":"publish","type":"post","link":"https:\/\/msimonsson.se\/index.php\/2016\/07\/18\/dagen-nar-omvarlden-tystnade\/","title":{"rendered":"Dagen n\u00e4r omv\u00e4rlden tystnade"},"content":{"rendered":"<p>Det var totalt Teliaavbrott h\u00e4r hemma i f\u00f6rra veckan. Det innebar att omv\u00e4rlden f\u00f6rsvann ur mitt liv. P\u00e5 ett \u00f6gonblick var mitt internet, min TV, min telefon, paddan och v\u00e4rst av allt .. mobilen d\u00f6da. I flera timmar. Det var fascinerande att inse hur hj\u00e4lpl\u00f6s jag blev. Jag \u00e4r uppenbarligen beroende av m\u00f6jligheten att alltid \u2013 n\u00e4r som helst n\u00e4r jag s\u00e5 \u00f6nskar \u2013 kunna uppdatera mig p\u00e5 allt fr\u00e5n l\u00e4get i Brexitdiskussionerna till hur jag b\u00e4st ska kunna anv\u00e4nda mina \u00f6verblivna \u00e4ggulor. Jag f\u00f6rv\u00e4ntar mig att v\u00e4rlden ska finnas ett knapptryck bort n\u00e4r jag har tid f\u00f6r den. Absolut inte att jag ska beh\u00f6va anpassa mig och mina tider till den. Det var ett sp\u00e4nnande uppvaknande att ett par timmars n\u00e4tfri tid skulle k\u00e4nnas s\u00e5 bakv\u00e4nt bara f\u00f6r att jag inte hade f\u00e5tt v\u00e4lja den sj\u00e4lv. D\u00e4remot \u00e5ker jag till Spanien och Tyskland och g\u00e5r ut och fotvandrar\u00a0f\u00f6r uppn\u00e5 lugnet\u2026 men visst ja\u2026. Jag har ju mobilen med mig \u2013 \u00e4ven om jag &#8212; just det ja ocks\u00e5\u2026 <strong><u>har valt att inte ha den p\u00e5<\/u><\/strong> just under vandringen.<\/p>\n<blockquote><p><span style=\"font-size: 12pt;\"><em>Jag f\u00f6rv\u00e4ntar mig att v\u00e4rlden ska st\u00e5 till f\u00f6rfogande n\u00e4r jag s\u00e5 \u00f6nskar! Och blir l\u00e4tt hj\u00e4lpl\u00f6s n\u00e4r s\u00e5 inte \u00e4r fallet.<\/em><\/span><\/p><\/blockquote>\n<p>Inte underligt att bland det f\u00f6rsta som sker vid ett kuppf\u00f6rs\u00f6k som i Turkiet \u00e4r att st\u00e4nga ner sociala n\u00e4tverk. Det handlingsf\u00f6rlamar oss r\u00e4tt effektivt. Hur ska jag nu kolla med v\u00e4nner och bekanta vad som \u00e4r p\u00e5 g\u00e5ng? V\u00e5ra handlingsm\u00f6nster och vanor f\u00f6r\u00e4ndras just nu snabbare \u00e4n n\u00e5gonsin tidigare i v\u00e5r utveckling. Det \u00e4r i grunden \u00e4ndrade konsumentbeteenden.\u00a0Vi g\u00e5r fr\u00e5n vanan att f\u00f6lja med (regler, produkter, och arbetss\u00e4tt) till att f\u00f6rv\u00e4nta oss individualiserade l\u00f6sningar, erbjudanden och produkter f\u00f6r just oss sj\u00e4lva.<\/p>\n<p>Det \u00e4r n\u00e5got som kommer att totalt f\u00f6r\u00e4ndra v\u00e5ra arbetsplatser och synen p\u00e5 chefer och ledarskap. Det kommer att vara sv\u00e5ra men ocks\u00e5 fantastiskt intressanta tider. Gamla regler och gamla s\u00e4tt att vara, g\u00f6ra och styra kommer inte att fungera i en organisation med medarbetare som \u00e4r b\u00e4ttre \u00e4n n\u00e5gon tidigare generation p\u00e5 att hantera stora m\u00e4ngder information snabbt och effektivt. <strong>Det kommer att beh\u00f6vas ledare som f\u00f6rst\u00e5r att samla, stabilisera och entusiasmera individerna och deras verktyg.<\/strong> Vi kommer att beh\u00f6va medarbetare som f\u00f6rst\u00e5r v\u00e4rdet av balans i tillvaron. Balans mellan verktyg och vardag. Mellan egen tid och arbetstid. Med balans \u00e5tertar vi kontrollen \u00f6ver v\u00e5ra egna liv och v\u00e5r stress ist\u00e4llet f\u00f6r att vara slavar under v\u00e5ra verktyg. F\u00f6r n\u00e4tet finns till f\u00f6r oss, inte f\u00f6r att vi ska k\u00e4nna oss utanf\u00f6r och avst\u00e4ngda om det faktiskt g\u00e5r ner n\u00e5gra timmar en dag i juli.<\/p>\n<p>F\u00f6r mig var det d\u00e4rf\u00f6r r\u00e4tt nyttigt att f\u00e5 n\u00e4tet nedkopplat n\u00e5gra timmar den h\u00e4r julidagen. Det inneb\u00e4r att jag i alla fall fick insikten om att det g\u00e5r bra att g\u00e5 ut och \u201dbara vara\u201d emellan\u00e5t. Att liksom tjuren Ferdinand sitta under ett l\u00e4mpligt tr\u00e4d och dofta p\u00e5 blommorna. Att ta tid f\u00f6r\u00a0mina egna tankar och slutsatser. Sedan kan jag ju fundera \u00f6ver hur det h\u00e4nger ihop med att jag tycker att det \u00e4r ett l\u00e4mpligt \u00e4mne p\u00e5 bloggen. P\u00e5 n\u00e4tet. S\u00e5h\u00e4r en julidag.<\/p>\n<p>&nbsp;<\/p>\n<p>&nbsp;<\/p>\n","protected":false},"excerpt":{"rendered":"<p>Det var totalt Teliaavbrott h\u00e4r hemma i f\u00f6rra veckan. Det innebar att omv\u00e4rlden f\u00f6rsvann ur mitt liv. P\u00e5 ett \u00f6gonblick var mitt internet, min TV, min telefon, paddan och v\u00e4rst av allt .. mobilen d\u00f6da. I flera timmar. Det var fascinerande att inse hur hj\u00e4lpl\u00f6s jag blev. Jag \u00e4r uppenbarligen beroende av m\u00f6jligheten att alltid [&hellip;]<\/p>\n","protected":false},"author":4,"featured_media":1091,"comment_status":"open","ping_status":"open","sticky":false,"template":"","format":"standard","meta":{"_et_pb_use_builder":"","_et_pb_old_content":"","_et_gb_content_width":"","footnotes":""},"categories":[24,16,21,26,30,27,23],"tags":[],"class_list":["post-1089","post","type-post","status-publish","format-standard","has-post-thumbnail","hentry","category-affarsutveckling","category-aktuellt","category-allmant","category-mentor","category-omvarldsanalys","category-situationsanpassat-ledarskap","category-strategisk-kommunikation"],"yoast_head":"<!-- This site is optimized with the Yoast SEO plugin v26.8 - https:\/\/yoast.com\/product\/yoast-seo-wordpress\/ -->\n<title>Dagen n\u00e4r omv\u00e4rlden tystnade - Marie Simonsson<\/title>\n<meta name=\"robots\" content=\"index, follow, max-snippet:-1, max-image-preview:large, max-video-preview:-1\" \/>\n<link rel=\"canonical\" href=\"https:\/\/msimonsson.se\/index.php\/2016\/07\/18\/dagen-nar-omvarlden-tystnade\/\" \/>\n<meta property=\"og:locale\" content=\"sv_SE\" \/>\n<meta property=\"og:type\" content=\"article\" \/>\n<meta property=\"og:title\" content=\"Dagen n\u00e4r omv\u00e4rlden tystnade - Marie Simonsson\" \/>\n<meta property=\"og:description\" content=\"Det var totalt Teliaavbrott h\u00e4r hemma i f\u00f6rra veckan. Det innebar att omv\u00e4rlden f\u00f6rsvann ur mitt liv. P\u00e5 ett \u00f6gonblick var mitt internet, min TV, min telefon, paddan och v\u00e4rst av allt .. mobilen d\u00f6da. I flera timmar. Det var fascinerande att inse hur hj\u00e4lpl\u00f6s jag blev. Jag \u00e4r uppenbarligen beroende av m\u00f6jligheten att alltid [&hellip;]\" \/>\n<meta property=\"og:url\" content=\"https:\/\/msimonsson.se\/index.php\/2016\/07\/18\/dagen-nar-omvarlden-tystnade\/\" \/>\n<meta property=\"og:site_name\" content=\"Marie Simonsson\" \/>\n<meta property=\"article:publisher\" content=\"https:\/\/www.facebook.com\/msimonsson.se\" \/>\n<meta property=\"article:published_time\" content=\"2016-07-18T06:14:41+00:00\" \/>\n<meta property=\"og:image\" content=\"https:\/\/msimonsson.se\/wp-content\/uploads\/2016\/07\/nonet-e1468702709223.jpg\" \/>\n\t<meta property=\"og:image:width\" content=\"1500\" \/>\n\t<meta property=\"og:image:height\" content=\"1125\" \/>\n\t<meta property=\"og:image:type\" content=\"image\/jpeg\" \/>\n<meta name=\"author\" content=\"Marie Simonsson\" \/>\n<meta name=\"twitter:card\" content=\"summary_large_image\" \/>\n<meta name=\"twitter:label1\" content=\"Skriven av\" \/>\n\t<meta name=\"twitter:data1\" content=\"Marie Simonsson\" \/>\n\t<meta name=\"twitter:label2\" content=\"Ber\u00e4knad l\u00e4stid\" \/>\n\t<meta name=\"twitter:data2\" content=\"3 minuter\" \/>\n<script type=\"application\/ld+json\" class=\"yoast-schema-graph\">{\"@context\":\"https:\/\/schema.org\",\"@graph\":[{\"@type\":\"Article\",\"@id\":\"https:\/\/msimonsson.se\/index.php\/2016\/07\/18\/dagen-nar-omvarlden-tystnade\/#article\",\"isPartOf\":{\"@id\":\"https:\/\/msimonsson.se\/index.php\/2016\/07\/18\/dagen-nar-omvarlden-tystnade\/\"},\"author\":{\"name\":\"Marie Simonsson\",\"@id\":\"https:\/\/msimonsson.se\/#\/schema\/person\/c1f6d7642c2de3211be0a8bf810f4ac0\"},\"headline\":\"Dagen n\u00e4r omv\u00e4rlden tystnade\",\"datePublished\":\"2016-07-18T06:14:41+00:00\",\"mainEntityOfPage\":{\"@id\":\"https:\/\/msimonsson.se\/index.php\/2016\/07\/18\/dagen-nar-omvarlden-tystnade\/\"},\"wordCount\":635,\"commentCount\":0,\"publisher\":{\"@id\":\"https:\/\/msimonsson.se\/#organization\"},\"image\":{\"@id\":\"https:\/\/msimonsson.se\/index.php\/2016\/07\/18\/dagen-nar-omvarlden-tystnade\/#primaryimage\"},\"thumbnailUrl\":\"https:\/\/msimonsson.se\/wp-content\/uploads\/2016\/07\/nonet-e1468702709223.jpg\",\"articleSection\":[\"Aff\u00e4rsutveckling\",\"Aktuellt\",\"Allm\u00e4nt\",\"Mentor\",\"Omv\u00e4rldsanalys\",\"Situationsanpassat ledarskap\",\"Strategisk kommunikation\"],\"inLanguage\":\"sv-SE\",\"potentialAction\":[{\"@type\":\"CommentAction\",\"name\":\"Comment\",\"target\":[\"https:\/\/msimonsson.se\/index.php\/2016\/07\/18\/dagen-nar-omvarlden-tystnade\/#respond\"]}]},{\"@type\":\"WebPage\",\"@id\":\"https:\/\/msimonsson.se\/index.php\/2016\/07\/18\/dagen-nar-omvarlden-tystnade\/\",\"url\":\"https:\/\/msimonsson.se\/index.php\/2016\/07\/18\/dagen-nar-omvarlden-tystnade\/\",\"name\":\"Dagen n\u00e4r omv\u00e4rlden tystnade - Marie Simonsson\",\"isPartOf\":{\"@id\":\"https:\/\/msimonsson.se\/#website\"},\"primaryImageOfPage\":{\"@id\":\"https:\/\/msimonsson.se\/index.php\/2016\/07\/18\/dagen-nar-omvarlden-tystnade\/#primaryimage\"},\"image\":{\"@id\":\"https:\/\/msimonsson.se\/index.php\/2016\/07\/18\/dagen-nar-omvarlden-tystnade\/#primaryimage\"},\"thumbnailUrl\":\"https:\/\/msimonsson.se\/wp-content\/uploads\/2016\/07\/nonet-e1468702709223.jpg\",\"datePublished\":\"2016-07-18T06:14:41+00:00\",\"breadcrumb\":{\"@id\":\"https:\/\/msimonsson.se\/index.php\/2016\/07\/18\/dagen-nar-omvarlden-tystnade\/#breadcrumb\"},\"inLanguage\":\"sv-SE\",\"potentialAction\":[{\"@type\":\"ReadAction\",\"target\":[\"https:\/\/msimonsson.se\/index.php\/2016\/07\/18\/dagen-nar-omvarlden-tystnade\/\"]}]},{\"@type\":\"ImageObject\",\"inLanguage\":\"sv-SE\",\"@id\":\"https:\/\/msimonsson.se\/index.php\/2016\/07\/18\/dagen-nar-omvarlden-tystnade\/#primaryimage\",\"url\":\"https:\/\/msimonsson.se\/wp-content\/uploads\/2016\/07\/nonet-e1468702709223.jpg\",\"contentUrl\":\"https:\/\/msimonsson.se\/wp-content\/uploads\/2016\/07\/nonet-e1468702709223.jpg\",\"width\":1500,\"height\":1125},{\"@type\":\"BreadcrumbList\",\"@id\":\"https:\/\/msimonsson.se\/index.php\/2016\/07\/18\/dagen-nar-omvarlden-tystnade\/#breadcrumb\",\"itemListElement\":[{\"@type\":\"ListItem\",\"position\":1,\"name\":\"Hem\",\"item\":\"https:\/\/msimonsson.se\/\"},{\"@type\":\"ListItem\",\"position\":2,\"name\":\"Dagen n\u00e4r omv\u00e4rlden tystnade\"}]},{\"@type\":\"WebSite\",\"@id\":\"https:\/\/msimonsson.se\/#website\",\"url\":\"https:\/\/msimonsson.se\/\",\"name\":\"Marie Simonsson Business Consulting\",\"description\":\"Business Consulting\",\"publisher\":{\"@id\":\"https:\/\/msimonsson.se\/#organization\"},\"potentialAction\":[{\"@type\":\"SearchAction\",\"target\":{\"@type\":\"EntryPoint\",\"urlTemplate\":\"https:\/\/msimonsson.se\/?s={search_term_string}\"},\"query-input\":{\"@type\":\"PropertyValueSpecification\",\"valueRequired\":true,\"valueName\":\"search_term_string\"}}],\"inLanguage\":\"sv-SE\"},{\"@type\":\"Organization\",\"@id\":\"https:\/\/msimonsson.se\/#organization\",\"name\":\"Marie Simonsson Business Consulting\",\"url\":\"https:\/\/msimonsson.se\/\",\"logo\":{\"@type\":\"ImageObject\",\"inLanguage\":\"sv-SE\",\"@id\":\"https:\/\/msimonsson.se\/#\/schema\/logo\/image\/\",\"url\":\"https:\/\/msimonsson.se\/wp-content\/uploads\/2023\/08\/Marie_Simonsson_business_consulting.jpg\",\"contentUrl\":\"https:\/\/msimonsson.se\/wp-content\/uploads\/2023\/08\/Marie_Simonsson_business_consulting.jpg\",\"width\":645,\"height\":144,\"caption\":\"Marie Simonsson Business Consulting\"},\"image\":{\"@id\":\"https:\/\/msimonsson.se\/#\/schema\/logo\/image\/\"},\"sameAs\":[\"https:\/\/www.facebook.com\/msimonsson.se\",\"https:\/\/www.instagram.com\/msimonssonab\/\"]},{\"@type\":\"Person\",\"@id\":\"https:\/\/msimonsson.se\/#\/schema\/person\/c1f6d7642c2de3211be0a8bf810f4ac0\",\"name\":\"Marie Simonsson\",\"image\":{\"@type\":\"ImageObject\",\"inLanguage\":\"sv-SE\",\"@id\":\"https:\/\/msimonsson.se\/#\/schema\/person\/image\/\",\"url\":\"https:\/\/secure.gravatar.com\/avatar\/d2aa79522fb63fd956693647b35d907a5829de559b544536c1f8995f26685673?s=96&d=mm&r=g\",\"contentUrl\":\"https:\/\/secure.gravatar.com\/avatar\/d2aa79522fb63fd956693647b35d907a5829de559b544536c1f8995f26685673?s=96&d=mm&r=g\",\"caption\":\"Marie Simonsson\"},\"url\":\"https:\/\/msimonsson.se\/index.php\/author\/marie\/\"}]}<\/script>\n<!-- \/ Yoast SEO plugin. -->","yoast_head_json":{"title":"Dagen n\u00e4r omv\u00e4rlden tystnade - Marie Simonsson","robots":{"index":"index","follow":"follow","max-snippet":"max-snippet:-1","max-image-preview":"max-image-preview:large","max-video-preview":"max-video-preview:-1"},"canonical":"https:\/\/msimonsson.se\/index.php\/2016\/07\/18\/dagen-nar-omvarlden-tystnade\/","og_locale":"sv_SE","og_type":"article","og_title":"Dagen n\u00e4r omv\u00e4rlden tystnade - Marie Simonsson","og_description":"Det var totalt Teliaavbrott h\u00e4r hemma i f\u00f6rra veckan. Det innebar att omv\u00e4rlden f\u00f6rsvann ur mitt liv. P\u00e5 ett \u00f6gonblick var mitt internet, min TV, min telefon, paddan och v\u00e4rst av allt .. mobilen d\u00f6da. I flera timmar. Det var fascinerande att inse hur hj\u00e4lpl\u00f6s jag blev. Jag \u00e4r uppenbarligen beroende av m\u00f6jligheten att alltid [&hellip;]","og_url":"https:\/\/msimonsson.se\/index.php\/2016\/07\/18\/dagen-nar-omvarlden-tystnade\/","og_site_name":"Marie Simonsson","article_publisher":"https:\/\/www.facebook.com\/msimonsson.se","article_published_time":"2016-07-18T06:14:41+00:00","og_image":[{"width":1500,"height":1125,"url":"https:\/\/msimonsson.se\/wp-content\/uploads\/2016\/07\/nonet-e1468702709223.jpg","type":"image\/jpeg"}],"author":"Marie Simonsson","twitter_card":"summary_large_image","twitter_misc":{"Skriven av":"Marie Simonsson","Ber\u00e4knad l\u00e4stid":"3 minuter"},"schema":{"@context":"https:\/\/schema.org","@graph":[{"@type":"Article","@id":"https:\/\/msimonsson.se\/index.php\/2016\/07\/18\/dagen-nar-omvarlden-tystnade\/#article","isPartOf":{"@id":"https:\/\/msimonsson.se\/index.php\/2016\/07\/18\/dagen-nar-omvarlden-tystnade\/"},"author":{"name":"Marie Simonsson","@id":"https:\/\/msimonsson.se\/#\/schema\/person\/c1f6d7642c2de3211be0a8bf810f4ac0"},"headline":"Dagen n\u00e4r omv\u00e4rlden tystnade","datePublished":"2016-07-18T06:14:41+00:00","mainEntityOfPage":{"@id":"https:\/\/msimonsson.se\/index.php\/2016\/07\/18\/dagen-nar-omvarlden-tystnade\/"},"wordCount":635,"commentCount":0,"publisher":{"@id":"https:\/\/msimonsson.se\/#organization"},"image":{"@id":"https:\/\/msimonsson.se\/index.php\/2016\/07\/18\/dagen-nar-omvarlden-tystnade\/#primaryimage"},"thumbnailUrl":"https:\/\/msimonsson.se\/wp-content\/uploads\/2016\/07\/nonet-e1468702709223.jpg","articleSection":["Aff\u00e4rsutveckling","Aktuellt","Allm\u00e4nt","Mentor","Omv\u00e4rldsanalys","Situationsanpassat ledarskap","Strategisk kommunikation"],"inLanguage":"sv-SE","potentialAction":[{"@type":"CommentAction","name":"Comment","target":["https:\/\/msimonsson.se\/index.php\/2016\/07\/18\/dagen-nar-omvarlden-tystnade\/#respond"]}]},{"@type":"WebPage","@id":"https:\/\/msimonsson.se\/index.php\/2016\/07\/18\/dagen-nar-omvarlden-tystnade\/","url":"https:\/\/msimonsson.se\/index.php\/2016\/07\/18\/dagen-nar-omvarlden-tystnade\/","name":"Dagen n\u00e4r omv\u00e4rlden tystnade - Marie Simonsson","isPartOf":{"@id":"https:\/\/msimonsson.se\/#website"},"primaryImageOfPage":{"@id":"https:\/\/msimonsson.se\/index.php\/2016\/07\/18\/dagen-nar-omvarlden-tystnade\/#primaryimage"},"image":{"@id":"https:\/\/msimonsson.se\/index.php\/2016\/07\/18\/dagen-nar-omvarlden-tystnade\/#primaryimage"},"thumbnailUrl":"https:\/\/msimonsson.se\/wp-content\/uploads\/2016\/07\/nonet-e1468702709223.jpg","datePublished":"2016-07-18T06:14:41+00:00","breadcrumb":{"@id":"https:\/\/msimonsson.se\/index.php\/2016\/07\/18\/dagen-nar-omvarlden-tystnade\/#breadcrumb"},"inLanguage":"sv-SE","potentialAction":[{"@type":"ReadAction","target":["https:\/\/msimonsson.se\/index.php\/2016\/07\/18\/dagen-nar-omvarlden-tystnade\/"]}]},{"@type":"ImageObject","inLanguage":"sv-SE","@id":"https:\/\/msimonsson.se\/index.php\/2016\/07\/18\/dagen-nar-omvarlden-tystnade\/#primaryimage","url":"https:\/\/msimonsson.se\/wp-content\/uploads\/2016\/07\/nonet-e1468702709223.jpg","contentUrl":"https:\/\/msimonsson.se\/wp-content\/uploads\/2016\/07\/nonet-e1468702709223.jpg","width":1500,"height":1125},{"@type":"BreadcrumbList","@id":"https:\/\/msimonsson.se\/index.php\/2016\/07\/18\/dagen-nar-omvarlden-tystnade\/#breadcrumb","itemListElement":[{"@type":"ListItem","position":1,"name":"Hem","item":"https:\/\/msimonsson.se\/"},{"@type":"ListItem","position":2,"name":"Dagen n\u00e4r omv\u00e4rlden tystnade"}]},{"@type":"WebSite","@id":"https:\/\/msimonsson.se\/#website","url":"https:\/\/msimonsson.se\/","name":"Marie Simonsson Business Consulting","description":"Business Consulting","publisher":{"@id":"https:\/\/msimonsson.se\/#organization"},"potentialAction":[{"@type":"SearchAction","target":{"@type":"EntryPoint","urlTemplate":"https:\/\/msimonsson.se\/?s={search_term_string}"},"query-input":{"@type":"PropertyValueSpecification","valueRequired":true,"valueName":"search_term_string"}}],"inLanguage":"sv-SE"},{"@type":"Organization","@id":"https:\/\/msimonsson.se\/#organization","name":"Marie Simonsson Business Consulting","url":"https:\/\/msimonsson.se\/","logo":{"@type":"ImageObject","inLanguage":"sv-SE","@id":"https:\/\/msimonsson.se\/#\/schema\/logo\/image\/","url":"https:\/\/msimonsson.se\/wp-content\/uploads\/2023\/08\/Marie_Simonsson_business_consulting.jpg","contentUrl":"https:\/\/msimonsson.se\/wp-content\/uploads\/2023\/08\/Marie_Simonsson_business_consulting.jpg","width":645,"height":144,"caption":"Marie Simonsson Business Consulting"},"image":{"@id":"https:\/\/msimonsson.se\/#\/schema\/logo\/image\/"},"sameAs":["https:\/\/www.facebook.com\/msimonsson.se","https:\/\/www.instagram.com\/msimonssonab\/"]},{"@type":"Person","@id":"https:\/\/msimonsson.se\/#\/schema\/person\/c1f6d7642c2de3211be0a8bf810f4ac0","name":"Marie Simonsson","image":{"@type":"ImageObject","inLanguage":"sv-SE","@id":"https:\/\/msimonsson.se\/#\/schema\/person\/image\/","url":"https:\/\/secure.gravatar.com\/avatar\/d2aa79522fb63fd956693647b35d907a5829de559b544536c1f8995f26685673?s=96&d=mm&r=g","contentUrl":"https:\/\/secure.gravatar.com\/avatar\/d2aa79522fb63fd956693647b35d907a5829de559b544536c1f8995f26685673?s=96&d=mm&r=g","caption":"Marie Simonsson"},"url":"https:\/\/msimonsson.se\/index.php\/author\/marie\/"}]}},"_links":{"self":[{"href":"https:\/\/msimonsson.se\/index.php\/wp-json\/wp\/v2\/posts\/1089","targetHints":{"allow":["GET"]}}],"collection":[{"href":"https:\/\/msimonsson.se\/index.php\/wp-json\/wp\/v2\/posts"}],"about":[{"href":"https:\/\/msimonsson.se\/index.php\/wp-json\/wp\/v2\/types\/post"}],"author":[{"embeddable":true,"href":"https:\/\/msimonsson.se\/index.php\/wp-json\/wp\/v2\/users\/4"}],"replies":[{"embeddable":true,"href":"https:\/\/msimonsson.se\/index.php\/wp-json\/wp\/v2\/comments?post=1089"}],"version-history":[{"count":0,"href":"https:\/\/msimonsson.se\/index.php\/wp-json\/wp\/v2\/posts\/1089\/revisions"}],"wp:featuredmedia":[{"embeddable":true,"href":"https:\/\/msimonsson.se\/index.php\/wp-json\/wp\/v2\/media\/1091"}],"wp:attachment":[{"href":"https:\/\/msimonsson.se\/index.php\/wp-json\/wp\/v2\/media?parent=1089"}],"wp:term":[{"taxonomy":"category","embeddable":true,"href":"https:\/\/msimonsson.se\/index.php\/wp-json\/wp\/v2\/categories?post=1089"},{"taxonomy":"post_tag","embeddable":true,"href":"https:\/\/msimonsson.se\/index.php\/wp-json\/wp\/v2\/tags?post=1089"}],"curies":[{"name":"wp","href":"https:\/\/api.w.org\/{rel}","templated":true}]}}