{"id":1081,"date":"2016-06-17T07:58:18","date_gmt":"2016-06-17T05:58:18","guid":{"rendered":"http:\/\/msimonsson.se\/?p=1081"},"modified":"2016-06-17T07:58:18","modified_gmt":"2016-06-17T05:58:18","slug":"svenskar-nysvenskar-och-emigranter","status":"publish","type":"post","link":"https:\/\/msimonsson.se\/index.php\/2016\/06\/17\/svenskar-nysvenskar-och-emigranter\/","title":{"rendered":"Svenskar, nysvenskar och emigranter"},"content":{"rendered":"<p>N\u00e4r jag \u00e4n en g\u00e5ng njuter av pr\u00e4riens storhet och vidstr\u00e4ckta landskap i Nord Dakota inser jag som alltid hur otroligt rikt det h\u00e4r stora landet i v\u00e4ster m\u00e5ste ha tett sig f\u00f6r de emigranter som l\u00e4mnade Sverige under andra h\u00e4lften av 1800-talet. Bytet fr\u00e5n de steniga sm\u00e5 svenska \u00e5kerlapparna till den o\u00e4ndliga vidden m\u00e5ste ha varit en chock. Ett utstr\u00e4ckt b\u00f6rdigt landskap d\u00e4r alla kunde f\u00e5 en egen del. Ett land d\u00e4r man hade r\u00f6str\u00e4tt och kunde bli nybyggare. M\u00f6jligheten att bli sin egen lyckas smed ist\u00e4llet f\u00f6r att forts\u00e4tta hemma som fattig dr\u00e4ng eller arbetare, tacka f\u00f6r att man \u00e5kte. Redan 1890 fanns det 800,000 svenska invandrare i USA. Totalt utvandrade n\u00e4stan en och en halv miljon svenskar. M\u00e4nniskor som skulle bryta mark d\u00e4r det knappt s\u00e5g ut att beh\u00f6va brytas. F\u00f6ga visste v\u00e5ra invandrare att pr\u00e4rien inte bara ger i \u00f6verfl\u00f6d. Pr\u00e4rien \u00e4r ocks\u00e5 en h\u00e5rd livskamrat. P\u00e5 sommaren \u00e4r det hett, vinden bl\u00e5ser st\u00e4ndigt och torkan \u00e4r sv\u00e5r f\u00f6r b\u00e5de djur och v\u00e4xter. P\u00e5 vinden viner sn\u00f6stormarna och kylan rakt ner fr\u00e5n Alaska och begraver landskapet och dess inv\u00e5nare.<\/p>\n<blockquote><p><span style=\"font-size: 12pt;\"><em>Den amerikanska pr\u00e4rien &#8211; Ett landskap\u00a0d\u00e4r dr\u00f6mmar f\u00f6ds och sj\u00e4len stannar<\/em><\/span><\/p><\/blockquote>\n<p>Jag har fascinerats av landskapet och m\u00e4nniskorna sedan jag s\u00e5g det f\u00f6rsta g\u00e5ngen som utbytesstipendiat hos en tysk-rysk nybyggarfamilj strax utanf\u00f6r ett samh\u00e4lle som just det \u00e5ret fyllde 75 \u00e5r! Deras immigrantbakgrund var inte mer \u00e4n en eller h\u00f6gst tv\u00e5 generationer borta. Farmen var fortfarande ett \u201dhomestead\u201d. (160 acres, avrunda till 80 hektar fint pr\u00e4rieland, som amerikanska medborgare fick mot att man bosatte sig d\u00e4r i fem \u00e5r och brukade jorden). Slitet och m\u00f6dan med att bygga den amerikanska dr\u00f6mmen var h\u00f6gst verklig och nybyggarlivet ligger\u00a0fortfarande n\u00e4ra i tiden.<\/p>\n<p>J\u00e4mf\u00f6relsen med den svenska immigrationen och nysvenskarna ligger n\u00e4ra till hands. De kommer ocks\u00e5 f\u00f6r att skapa sig ett annat och i m\u00e5nga fall b\u00e4ttre liv \u00e4n de hade \u201dhemma\u201d. \u00a0Ocks\u00e5 de kommer till en ny milj\u00f6, ett nytt landskap och ser gr\u00f6nskan och b\u00f6rdigheten. Idag kanske det inte enbart handlar om \u00e5krarnas b\u00f6rdighet och jordm\u00e5n utan ocks\u00e5 om m\u00f6jligheten att p\u00e5 m\u00e5nga olika s\u00e4tt bygga ett nytt liv. Kanske kommer de liksom svenskarna ute p\u00e5 pr\u00e4rien att inse att det finns b\u00e5de m\u00f6jligheter och andra faror \u00e4n de som syns vid f\u00f6rsta anblicken.<\/p>\n<p>Sj\u00e4lv l\u00e4rde jag mig fantastiskt mycket av att bo i Nord Dakota under ett \u00e5r och d\u00e4refter regelbundet \u00e5terkomma till pr\u00e4rien som jag har en djup k\u00e4rlek till. Att f\u00e5 k\u00e4nna vinden och hettan, liksom torkan, kylan och det ober\u00e4kneliga v\u00e4dret. P\u00e5 pr\u00e4rien \u00e4r man s\u00e4llsamt oskyddad inf\u00f6r naturen. Det ger en respekt f\u00f6r b\u00e5de landskapet och m\u00e4nniskorna som hade styrkan och dr\u00f6mmar nog att stanna d\u00e4r och bygga n\u00e5got. Inte enbart tack vare pr\u00e4rien utan ocks\u00e5 trots pr\u00e4rien!<\/p>\n","protected":false},"excerpt":{"rendered":"<p>N\u00e4r jag \u00e4n en g\u00e5ng njuter av pr\u00e4riens storhet och vidstr\u00e4ckta landskap i Nord Dakota inser jag som alltid hur otroligt rikt det h\u00e4r stora landet i v\u00e4ster m\u00e5ste ha tett sig f\u00f6r de emigranter som l\u00e4mnade Sverige under andra h\u00e4lften av 1800-talet. Bytet fr\u00e5n de steniga sm\u00e5 svenska \u00e5kerlapparna till den o\u00e4ndliga vidden m\u00e5ste [&hellip;]<\/p>\n","protected":false},"author":4,"featured_media":1083,"comment_status":"open","ping_status":"open","sticky":false,"template":"","format":"standard","meta":{"_et_pb_use_builder":"","_et_pb_old_content":"","_et_gb_content_width":"","footnotes":""},"categories":[16,21,29,30],"tags":[],"class_list":["post-1081","post","type-post","status-publish","format-standard","has-post-thumbnail","hentry","category-aktuellt","category-allmant","category-foretagare-i-landsbygd","category-omvarldsanalys"],"yoast_head":"<!-- This site is optimized with the Yoast SEO plugin v26.8 - https:\/\/yoast.com\/product\/yoast-seo-wordpress\/ -->\n<title>Svenskar, nysvenskar och emigranter - Marie Simonsson<\/title>\n<meta name=\"robots\" content=\"index, follow, max-snippet:-1, max-image-preview:large, max-video-preview:-1\" \/>\n<link rel=\"canonical\" href=\"https:\/\/msimonsson.se\/index.php\/2016\/06\/17\/svenskar-nysvenskar-och-emigranter\/\" \/>\n<meta property=\"og:locale\" content=\"sv_SE\" \/>\n<meta property=\"og:type\" content=\"article\" \/>\n<meta property=\"og:title\" content=\"Svenskar, nysvenskar och emigranter - Marie Simonsson\" \/>\n<meta property=\"og:description\" content=\"N\u00e4r jag \u00e4n en g\u00e5ng njuter av pr\u00e4riens storhet och vidstr\u00e4ckta landskap i Nord Dakota inser jag som alltid hur otroligt rikt det h\u00e4r stora landet i v\u00e4ster m\u00e5ste ha tett sig f\u00f6r de emigranter som l\u00e4mnade Sverige under andra h\u00e4lften av 1800-talet. Bytet fr\u00e5n de steniga sm\u00e5 svenska \u00e5kerlapparna till den o\u00e4ndliga vidden m\u00e5ste [&hellip;]\" \/>\n<meta property=\"og:url\" content=\"https:\/\/msimonsson.se\/index.php\/2016\/06\/17\/svenskar-nysvenskar-och-emigranter\/\" \/>\n<meta property=\"og:site_name\" content=\"Marie Simonsson\" \/>\n<meta property=\"article:publisher\" content=\"https:\/\/www.facebook.com\/msimonsson.se\" \/>\n<meta property=\"article:published_time\" content=\"2016-06-17T05:58:18+00:00\" \/>\n<meta property=\"og:image\" content=\"https:\/\/msimonsson.se\/wp-content\/uploads\/2016\/06\/20160613_093240_resized.jpg\" \/>\n\t<meta property=\"og:image:width\" content=\"1328\" \/>\n\t<meta property=\"og:image:height\" content=\"747\" \/>\n\t<meta property=\"og:image:type\" content=\"image\/jpeg\" \/>\n<meta name=\"author\" content=\"Marie Simonsson\" \/>\n<meta name=\"twitter:card\" content=\"summary_large_image\" \/>\n<meta name=\"twitter:label1\" content=\"Skriven av\" \/>\n\t<meta name=\"twitter:data1\" content=\"Marie Simonsson\" \/>\n\t<meta name=\"twitter:label2\" content=\"Ber\u00e4knad l\u00e4stid\" \/>\n\t<meta name=\"twitter:data2\" content=\"3 minuter\" \/>\n<script type=\"application\/ld+json\" class=\"yoast-schema-graph\">{\"@context\":\"https:\/\/schema.org\",\"@graph\":[{\"@type\":\"Article\",\"@id\":\"https:\/\/msimonsson.se\/index.php\/2016\/06\/17\/svenskar-nysvenskar-och-emigranter\/#article\",\"isPartOf\":{\"@id\":\"https:\/\/msimonsson.se\/index.php\/2016\/06\/17\/svenskar-nysvenskar-och-emigranter\/\"},\"author\":{\"name\":\"Marie Simonsson\",\"@id\":\"https:\/\/msimonsson.se\/#\/schema\/person\/c1f6d7642c2de3211be0a8bf810f4ac0\"},\"headline\":\"Svenskar, nysvenskar och emigranter\",\"datePublished\":\"2016-06-17T05:58:18+00:00\",\"mainEntityOfPage\":{\"@id\":\"https:\/\/msimonsson.se\/index.php\/2016\/06\/17\/svenskar-nysvenskar-och-emigranter\/\"},\"wordCount\":556,\"commentCount\":0,\"publisher\":{\"@id\":\"https:\/\/msimonsson.se\/#organization\"},\"image\":{\"@id\":\"https:\/\/msimonsson.se\/index.php\/2016\/06\/17\/svenskar-nysvenskar-och-emigranter\/#primaryimage\"},\"thumbnailUrl\":\"https:\/\/msimonsson.se\/wp-content\/uploads\/2016\/06\/20160613_093240_resized.jpg\",\"articleSection\":[\"Aktuellt\",\"Allm\u00e4nt\",\"F\u00f6retagare i landsbygd\",\"Omv\u00e4rldsanalys\"],\"inLanguage\":\"sv-SE\",\"potentialAction\":[{\"@type\":\"CommentAction\",\"name\":\"Comment\",\"target\":[\"https:\/\/msimonsson.se\/index.php\/2016\/06\/17\/svenskar-nysvenskar-och-emigranter\/#respond\"]}]},{\"@type\":\"WebPage\",\"@id\":\"https:\/\/msimonsson.se\/index.php\/2016\/06\/17\/svenskar-nysvenskar-och-emigranter\/\",\"url\":\"https:\/\/msimonsson.se\/index.php\/2016\/06\/17\/svenskar-nysvenskar-och-emigranter\/\",\"name\":\"Svenskar, nysvenskar och emigranter - Marie Simonsson\",\"isPartOf\":{\"@id\":\"https:\/\/msimonsson.se\/#website\"},\"primaryImageOfPage\":{\"@id\":\"https:\/\/msimonsson.se\/index.php\/2016\/06\/17\/svenskar-nysvenskar-och-emigranter\/#primaryimage\"},\"image\":{\"@id\":\"https:\/\/msimonsson.se\/index.php\/2016\/06\/17\/svenskar-nysvenskar-och-emigranter\/#primaryimage\"},\"thumbnailUrl\":\"https:\/\/msimonsson.se\/wp-content\/uploads\/2016\/06\/20160613_093240_resized.jpg\",\"datePublished\":\"2016-06-17T05:58:18+00:00\",\"breadcrumb\":{\"@id\":\"https:\/\/msimonsson.se\/index.php\/2016\/06\/17\/svenskar-nysvenskar-och-emigranter\/#breadcrumb\"},\"inLanguage\":\"sv-SE\",\"potentialAction\":[{\"@type\":\"ReadAction\",\"target\":[\"https:\/\/msimonsson.se\/index.php\/2016\/06\/17\/svenskar-nysvenskar-och-emigranter\/\"]}]},{\"@type\":\"ImageObject\",\"inLanguage\":\"sv-SE\",\"@id\":\"https:\/\/msimonsson.se\/index.php\/2016\/06\/17\/svenskar-nysvenskar-och-emigranter\/#primaryimage\",\"url\":\"https:\/\/msimonsson.se\/wp-content\/uploads\/2016\/06\/20160613_093240_resized.jpg\",\"contentUrl\":\"https:\/\/msimonsson.se\/wp-content\/uploads\/2016\/06\/20160613_093240_resized.jpg\",\"width\":1328,\"height\":747},{\"@type\":\"BreadcrumbList\",\"@id\":\"https:\/\/msimonsson.se\/index.php\/2016\/06\/17\/svenskar-nysvenskar-och-emigranter\/#breadcrumb\",\"itemListElement\":[{\"@type\":\"ListItem\",\"position\":1,\"name\":\"Hem\",\"item\":\"https:\/\/msimonsson.se\/\"},{\"@type\":\"ListItem\",\"position\":2,\"name\":\"Svenskar, nysvenskar och emigranter\"}]},{\"@type\":\"WebSite\",\"@id\":\"https:\/\/msimonsson.se\/#website\",\"url\":\"https:\/\/msimonsson.se\/\",\"name\":\"Marie Simonsson Business Consulting\",\"description\":\"Business Consulting\",\"publisher\":{\"@id\":\"https:\/\/msimonsson.se\/#organization\"},\"potentialAction\":[{\"@type\":\"SearchAction\",\"target\":{\"@type\":\"EntryPoint\",\"urlTemplate\":\"https:\/\/msimonsson.se\/?s={search_term_string}\"},\"query-input\":{\"@type\":\"PropertyValueSpecification\",\"valueRequired\":true,\"valueName\":\"search_term_string\"}}],\"inLanguage\":\"sv-SE\"},{\"@type\":\"Organization\",\"@id\":\"https:\/\/msimonsson.se\/#organization\",\"name\":\"Marie Simonsson Business Consulting\",\"url\":\"https:\/\/msimonsson.se\/\",\"logo\":{\"@type\":\"ImageObject\",\"inLanguage\":\"sv-SE\",\"@id\":\"https:\/\/msimonsson.se\/#\/schema\/logo\/image\/\",\"url\":\"https:\/\/msimonsson.se\/wp-content\/uploads\/2023\/08\/Marie_Simonsson_business_consulting.jpg\",\"contentUrl\":\"https:\/\/msimonsson.se\/wp-content\/uploads\/2023\/08\/Marie_Simonsson_business_consulting.jpg\",\"width\":645,\"height\":144,\"caption\":\"Marie Simonsson Business Consulting\"},\"image\":{\"@id\":\"https:\/\/msimonsson.se\/#\/schema\/logo\/image\/\"},\"sameAs\":[\"https:\/\/www.facebook.com\/msimonsson.se\",\"https:\/\/www.instagram.com\/msimonssonab\/\"]},{\"@type\":\"Person\",\"@id\":\"https:\/\/msimonsson.se\/#\/schema\/person\/c1f6d7642c2de3211be0a8bf810f4ac0\",\"name\":\"Marie Simonsson\",\"image\":{\"@type\":\"ImageObject\",\"inLanguage\":\"sv-SE\",\"@id\":\"https:\/\/msimonsson.se\/#\/schema\/person\/image\/\",\"url\":\"https:\/\/secure.gravatar.com\/avatar\/d2aa79522fb63fd956693647b35d907a5829de559b544536c1f8995f26685673?s=96&d=mm&r=g\",\"contentUrl\":\"https:\/\/secure.gravatar.com\/avatar\/d2aa79522fb63fd956693647b35d907a5829de559b544536c1f8995f26685673?s=96&d=mm&r=g\",\"caption\":\"Marie Simonsson\"},\"url\":\"https:\/\/msimonsson.se\/index.php\/author\/marie\/\"}]}<\/script>\n<!-- \/ Yoast SEO plugin. -->","yoast_head_json":{"title":"Svenskar, nysvenskar och emigranter - Marie Simonsson","robots":{"index":"index","follow":"follow","max-snippet":"max-snippet:-1","max-image-preview":"max-image-preview:large","max-video-preview":"max-video-preview:-1"},"canonical":"https:\/\/msimonsson.se\/index.php\/2016\/06\/17\/svenskar-nysvenskar-och-emigranter\/","og_locale":"sv_SE","og_type":"article","og_title":"Svenskar, nysvenskar och emigranter - Marie Simonsson","og_description":"N\u00e4r jag \u00e4n en g\u00e5ng njuter av pr\u00e4riens storhet och vidstr\u00e4ckta landskap i Nord Dakota inser jag som alltid hur otroligt rikt det h\u00e4r stora landet i v\u00e4ster m\u00e5ste ha tett sig f\u00f6r de emigranter som l\u00e4mnade Sverige under andra h\u00e4lften av 1800-talet. Bytet fr\u00e5n de steniga sm\u00e5 svenska \u00e5kerlapparna till den o\u00e4ndliga vidden m\u00e5ste [&hellip;]","og_url":"https:\/\/msimonsson.se\/index.php\/2016\/06\/17\/svenskar-nysvenskar-och-emigranter\/","og_site_name":"Marie Simonsson","article_publisher":"https:\/\/www.facebook.com\/msimonsson.se","article_published_time":"2016-06-17T05:58:18+00:00","og_image":[{"width":1328,"height":747,"url":"https:\/\/msimonsson.se\/wp-content\/uploads\/2016\/06\/20160613_093240_resized.jpg","type":"image\/jpeg"}],"author":"Marie Simonsson","twitter_card":"summary_large_image","twitter_misc":{"Skriven av":"Marie Simonsson","Ber\u00e4knad l\u00e4stid":"3 minuter"},"schema":{"@context":"https:\/\/schema.org","@graph":[{"@type":"Article","@id":"https:\/\/msimonsson.se\/index.php\/2016\/06\/17\/svenskar-nysvenskar-och-emigranter\/#article","isPartOf":{"@id":"https:\/\/msimonsson.se\/index.php\/2016\/06\/17\/svenskar-nysvenskar-och-emigranter\/"},"author":{"name":"Marie Simonsson","@id":"https:\/\/msimonsson.se\/#\/schema\/person\/c1f6d7642c2de3211be0a8bf810f4ac0"},"headline":"Svenskar, nysvenskar och emigranter","datePublished":"2016-06-17T05:58:18+00:00","mainEntityOfPage":{"@id":"https:\/\/msimonsson.se\/index.php\/2016\/06\/17\/svenskar-nysvenskar-och-emigranter\/"},"wordCount":556,"commentCount":0,"publisher":{"@id":"https:\/\/msimonsson.se\/#organization"},"image":{"@id":"https:\/\/msimonsson.se\/index.php\/2016\/06\/17\/svenskar-nysvenskar-och-emigranter\/#primaryimage"},"thumbnailUrl":"https:\/\/msimonsson.se\/wp-content\/uploads\/2016\/06\/20160613_093240_resized.jpg","articleSection":["Aktuellt","Allm\u00e4nt","F\u00f6retagare i landsbygd","Omv\u00e4rldsanalys"],"inLanguage":"sv-SE","potentialAction":[{"@type":"CommentAction","name":"Comment","target":["https:\/\/msimonsson.se\/index.php\/2016\/06\/17\/svenskar-nysvenskar-och-emigranter\/#respond"]}]},{"@type":"WebPage","@id":"https:\/\/msimonsson.se\/index.php\/2016\/06\/17\/svenskar-nysvenskar-och-emigranter\/","url":"https:\/\/msimonsson.se\/index.php\/2016\/06\/17\/svenskar-nysvenskar-och-emigranter\/","name":"Svenskar, nysvenskar och emigranter - Marie Simonsson","isPartOf":{"@id":"https:\/\/msimonsson.se\/#website"},"primaryImageOfPage":{"@id":"https:\/\/msimonsson.se\/index.php\/2016\/06\/17\/svenskar-nysvenskar-och-emigranter\/#primaryimage"},"image":{"@id":"https:\/\/msimonsson.se\/index.php\/2016\/06\/17\/svenskar-nysvenskar-och-emigranter\/#primaryimage"},"thumbnailUrl":"https:\/\/msimonsson.se\/wp-content\/uploads\/2016\/06\/20160613_093240_resized.jpg","datePublished":"2016-06-17T05:58:18+00:00","breadcrumb":{"@id":"https:\/\/msimonsson.se\/index.php\/2016\/06\/17\/svenskar-nysvenskar-och-emigranter\/#breadcrumb"},"inLanguage":"sv-SE","potentialAction":[{"@type":"ReadAction","target":["https:\/\/msimonsson.se\/index.php\/2016\/06\/17\/svenskar-nysvenskar-och-emigranter\/"]}]},{"@type":"ImageObject","inLanguage":"sv-SE","@id":"https:\/\/msimonsson.se\/index.php\/2016\/06\/17\/svenskar-nysvenskar-och-emigranter\/#primaryimage","url":"https:\/\/msimonsson.se\/wp-content\/uploads\/2016\/06\/20160613_093240_resized.jpg","contentUrl":"https:\/\/msimonsson.se\/wp-content\/uploads\/2016\/06\/20160613_093240_resized.jpg","width":1328,"height":747},{"@type":"BreadcrumbList","@id":"https:\/\/msimonsson.se\/index.php\/2016\/06\/17\/svenskar-nysvenskar-och-emigranter\/#breadcrumb","itemListElement":[{"@type":"ListItem","position":1,"name":"Hem","item":"https:\/\/msimonsson.se\/"},{"@type":"ListItem","position":2,"name":"Svenskar, nysvenskar och emigranter"}]},{"@type":"WebSite","@id":"https:\/\/msimonsson.se\/#website","url":"https:\/\/msimonsson.se\/","name":"Marie Simonsson Business Consulting","description":"Business Consulting","publisher":{"@id":"https:\/\/msimonsson.se\/#organization"},"potentialAction":[{"@type":"SearchAction","target":{"@type":"EntryPoint","urlTemplate":"https:\/\/msimonsson.se\/?s={search_term_string}"},"query-input":{"@type":"PropertyValueSpecification","valueRequired":true,"valueName":"search_term_string"}}],"inLanguage":"sv-SE"},{"@type":"Organization","@id":"https:\/\/msimonsson.se\/#organization","name":"Marie Simonsson Business Consulting","url":"https:\/\/msimonsson.se\/","logo":{"@type":"ImageObject","inLanguage":"sv-SE","@id":"https:\/\/msimonsson.se\/#\/schema\/logo\/image\/","url":"https:\/\/msimonsson.se\/wp-content\/uploads\/2023\/08\/Marie_Simonsson_business_consulting.jpg","contentUrl":"https:\/\/msimonsson.se\/wp-content\/uploads\/2023\/08\/Marie_Simonsson_business_consulting.jpg","width":645,"height":144,"caption":"Marie Simonsson Business Consulting"},"image":{"@id":"https:\/\/msimonsson.se\/#\/schema\/logo\/image\/"},"sameAs":["https:\/\/www.facebook.com\/msimonsson.se","https:\/\/www.instagram.com\/msimonssonab\/"]},{"@type":"Person","@id":"https:\/\/msimonsson.se\/#\/schema\/person\/c1f6d7642c2de3211be0a8bf810f4ac0","name":"Marie Simonsson","image":{"@type":"ImageObject","inLanguage":"sv-SE","@id":"https:\/\/msimonsson.se\/#\/schema\/person\/image\/","url":"https:\/\/secure.gravatar.com\/avatar\/d2aa79522fb63fd956693647b35d907a5829de559b544536c1f8995f26685673?s=96&d=mm&r=g","contentUrl":"https:\/\/secure.gravatar.com\/avatar\/d2aa79522fb63fd956693647b35d907a5829de559b544536c1f8995f26685673?s=96&d=mm&r=g","caption":"Marie Simonsson"},"url":"https:\/\/msimonsson.se\/index.php\/author\/marie\/"}]}},"_links":{"self":[{"href":"https:\/\/msimonsson.se\/index.php\/wp-json\/wp\/v2\/posts\/1081","targetHints":{"allow":["GET"]}}],"collection":[{"href":"https:\/\/msimonsson.se\/index.php\/wp-json\/wp\/v2\/posts"}],"about":[{"href":"https:\/\/msimonsson.se\/index.php\/wp-json\/wp\/v2\/types\/post"}],"author":[{"embeddable":true,"href":"https:\/\/msimonsson.se\/index.php\/wp-json\/wp\/v2\/users\/4"}],"replies":[{"embeddable":true,"href":"https:\/\/msimonsson.se\/index.php\/wp-json\/wp\/v2\/comments?post=1081"}],"version-history":[{"count":0,"href":"https:\/\/msimonsson.se\/index.php\/wp-json\/wp\/v2\/posts\/1081\/revisions"}],"wp:featuredmedia":[{"embeddable":true,"href":"https:\/\/msimonsson.se\/index.php\/wp-json\/wp\/v2\/media\/1083"}],"wp:attachment":[{"href":"https:\/\/msimonsson.se\/index.php\/wp-json\/wp\/v2\/media?parent=1081"}],"wp:term":[{"taxonomy":"category","embeddable":true,"href":"https:\/\/msimonsson.se\/index.php\/wp-json\/wp\/v2\/categories?post=1081"},{"taxonomy":"post_tag","embeddable":true,"href":"https:\/\/msimonsson.se\/index.php\/wp-json\/wp\/v2\/tags?post=1081"}],"curies":[{"name":"wp","href":"https:\/\/api.w.org\/{rel}","templated":true}]}}