{"id":1053,"date":"2016-04-08T13:02:16","date_gmt":"2016-04-08T11:02:16","guid":{"rendered":"http:\/\/msimonsson.se\/?p=1053"},"modified":"2016-04-08T13:02:16","modified_gmt":"2016-04-08T11:02:16","slug":"panama-och-mitt-moraliska-dilemma","status":"publish","type":"post","link":"https:\/\/msimonsson.se\/index.php\/2016\/04\/08\/panama-och-mitt-moraliska-dilemma\/","title":{"rendered":"Panama och mitt moraliska dilemma"},"content":{"rendered":"<p>Varje \u00e5r \u00e4r det lite speciellt kring v\u00e5rens \u00e5rsm\u00f6tesveckor. Jag f\u00e5r \u00e5ka ut, ber\u00e4tta och svara p\u00e5 fr\u00e5gor, dela ut \u201dmedaljer\u201d till s\u00e4rskilt engagerade och svara p\u00e5 fr\u00e5gor om vad vi gjort i styrelsen. Det \u00e4r medlemmar med starkt fokus p\u00e5 f\u00f6rening, kooperation och ideella uppdrag. \u00a0D\u00e5 k\u00e4nns den senaste \u201dPanama l\u00e4ckan\u201d om hur man ska bli \u00e4nnu rikare (om man nu redan \u00e4r rikare \u00e4n vad jag och de flesta kan bli under en livstid) v\u00e4ldigt avl\u00e4gsen.<\/p>\n<p>Tidningarna saknar den v\u00e4sentliga informationen kan jag ocks\u00e5 tycka. Allts\u00e5, hur m\u00e5nga advokater fanns det egentligen p\u00e5 den d\u00e4r advokatbyr\u00e5n i Panama? Om man f\u00f6rs\u00f6kt starta ett f\u00f6retag i Sverige vet man att det tar tid, trots att vi ska vara ett av v\u00e4rldens effektivaste l\u00e4nder p\u00e5 det omr\u00e5det. Enligt l\u00e4ckan ska det ha startats 214,000 f\u00f6retag och fonder? Slutsatsen \u00e4r att det i Panama m\u00e5ste ha funnits hur m\u00e5nga advokater som helst\u2026. Hur kan man f\u00e5 grepp om alla dokumenten? Och hur kan l\u00e4ckor g\u00e5 till? Bra som d\u00e5liga? Vad har vi f\u00f6r r\u00e4ttss\u00e4kerhet \u2013 egentligen?<\/p>\n<blockquote><p><em>\u00a0<span style=\"font-size: 12pt;\">Quis custodiet ipsos custodes?<\/span><\/em><span style=\"font-size: 12pt;\"><em>\u00a0eller \u201dVem \u00e4r det som egentligen vaktar p\u00e5 vakterna?\u201d fr\u00e5gade Romaren Juvenal f\u00f6r tv\u00e5 tusen \u00e5r sedan. Kanske dags att stilla undra igen\u2026<\/em><\/span><\/p><\/blockquote>\n<p>Sedan, hur hittar alla de h\u00e4r rika m\u00e4nniskorna med skatteplaneringsbehov varandra? Putins kompisar, isl\u00e4nningarna och Panamansvenskarna? I en enda stor blandning. Det kan ju inte bara poppa upp som kompisg\u00e4ng helt pl\u00f6tsligt? Jag kan dela den indignerade moraliska som luftas.\u00a0Men\u2026sedan kan jag ocks\u00e5 b\u00f6rja fundera \u00f6ver de h\u00e4r l\u00e4ckorna, visst, det \u00e4r det kul s\u00e5 l\u00e4nge som det ber\u00f6r andra och jag kan vara moraliskt uppr\u00f6rd. Men om l\u00e4ckan skulle r\u00f6ra alla sjukjournaler fr\u00e5n den lokala sjukv\u00e5rden? Eller kronofogdens hela lista p\u00e5 vem som har barn med vem och dessutom inte betalar underh\u00e5ll? Absolut inte ok tycker jag uppr\u00f6rt.<\/p>\n<p>Det \u00e4r nu jag hamnar i mitt lilla synnerligen obehagliga moraliska dilemma. Det verkar vara ok med l\u00e4ckor s\u00e5 l\u00e4nge det ber\u00f6r n\u00e5gon annan som jag dessutom tycker \u201df\u00f6rtj\u00e4nar\u201d det. <em>Hmm det k\u00e4ndes kanske inte lika bra<\/em>. Och jag b\u00f6rjar fundera p\u00e5 vem som s\u00e4tter spelreglerna? Eller som den romerske satirskrivaren Juvenal skrev f\u00f6r mer \u00e4n tv\u00e5 tusen \u00e5r sedan? Vem \u00e4r det egentligen som vaktar p\u00e5 vakterna? Om det nu \u00e4r unders\u00f6kande journalister som s\u00e4tter spelreglerna hellre \u00e4n r\u00e4ttsv\u00e4sendet. Vem kollar de unders\u00f6kande journalisterna? Det blev ett besv\u00e4rligt dilemma h\u00e4r som ber\u00f6r oss alla med all information som vi hanterar och tar del av &#8211; med eller utan tystnadsplikt.<\/p>\n","protected":false},"excerpt":{"rendered":"<p>Varje \u00e5r \u00e4r det lite speciellt kring v\u00e5rens \u00e5rsm\u00f6tesveckor. Jag f\u00e5r \u00e5ka ut, ber\u00e4tta och svara p\u00e5 fr\u00e5gor, dela ut \u201dmedaljer\u201d till s\u00e4rskilt engagerade och svara p\u00e5 fr\u00e5gor om vad vi gjort i styrelsen. Det \u00e4r medlemmar med starkt fokus p\u00e5 f\u00f6rening, kooperation och ideella uppdrag. \u00a0D\u00e5 k\u00e4nns den senaste \u201dPanama l\u00e4ckan\u201d om hur man [&hellip;]<\/p>\n","protected":false},"author":4,"featured_media":1055,"comment_status":"open","ping_status":"open","sticky":false,"template":"","format":"standard","meta":{"_et_pb_use_builder":"","_et_pb_old_content":"","_et_gb_content_width":"","footnotes":""},"categories":[24,16,21,30,25],"tags":[],"class_list":["post-1053","post","type-post","status-publish","format-standard","has-post-thumbnail","hentry","category-affarsutveckling","category-aktuellt","category-allmant","category-omvarldsanalys","category-styrelse"],"yoast_head":"<!-- This site is optimized with the Yoast SEO plugin v26.8 - https:\/\/yoast.com\/product\/yoast-seo-wordpress\/ -->\n<title>Panama och mitt moraliska dilemma - Marie Simonsson<\/title>\n<meta name=\"robots\" content=\"index, follow, max-snippet:-1, max-image-preview:large, max-video-preview:-1\" \/>\n<link rel=\"canonical\" href=\"https:\/\/msimonsson.se\/index.php\/2016\/04\/08\/panama-och-mitt-moraliska-dilemma\/\" \/>\n<meta property=\"og:locale\" content=\"sv_SE\" \/>\n<meta property=\"og:type\" content=\"article\" \/>\n<meta property=\"og:title\" content=\"Panama och mitt moraliska dilemma - Marie Simonsson\" \/>\n<meta property=\"og:description\" content=\"Varje \u00e5r \u00e4r det lite speciellt kring v\u00e5rens \u00e5rsm\u00f6tesveckor. Jag f\u00e5r \u00e5ka ut, ber\u00e4tta och svara p\u00e5 fr\u00e5gor, dela ut \u201dmedaljer\u201d till s\u00e4rskilt engagerade och svara p\u00e5 fr\u00e5gor om vad vi gjort i styrelsen. Det \u00e4r medlemmar med starkt fokus p\u00e5 f\u00f6rening, kooperation och ideella uppdrag. \u00a0D\u00e5 k\u00e4nns den senaste \u201dPanama l\u00e4ckan\u201d om hur man [&hellip;]\" \/>\n<meta property=\"og:url\" content=\"https:\/\/msimonsson.se\/index.php\/2016\/04\/08\/panama-och-mitt-moraliska-dilemma\/\" \/>\n<meta property=\"og:site_name\" content=\"Marie Simonsson\" \/>\n<meta property=\"article:publisher\" content=\"https:\/\/www.facebook.com\/msimonsson.se\" \/>\n<meta property=\"article:published_time\" content=\"2016-04-08T11:02:16+00:00\" \/>\n<meta property=\"og:image\" content=\"https:\/\/msimonsson.se\/wp-content\/uploads\/2016\/04\/Mobil-Maj-2015-031-e1460112991367.jpg\" \/>\n\t<meta property=\"og:image:width\" content=\"1000\" \/>\n\t<meta property=\"og:image:height\" content=\"667\" \/>\n\t<meta property=\"og:image:type\" content=\"image\/jpeg\" \/>\n<meta name=\"author\" content=\"Marie Simonsson\" \/>\n<meta name=\"twitter:card\" content=\"summary_large_image\" \/>\n<meta name=\"twitter:label1\" content=\"Skriven av\" \/>\n\t<meta name=\"twitter:data1\" content=\"Marie Simonsson\" \/>\n\t<meta name=\"twitter:label2\" content=\"Ber\u00e4knad l\u00e4stid\" \/>\n\t<meta name=\"twitter:data2\" content=\"2 minuter\" \/>\n<script type=\"application\/ld+json\" class=\"yoast-schema-graph\">{\"@context\":\"https:\/\/schema.org\",\"@graph\":[{\"@type\":\"Article\",\"@id\":\"https:\/\/msimonsson.se\/index.php\/2016\/04\/08\/panama-och-mitt-moraliska-dilemma\/#article\",\"isPartOf\":{\"@id\":\"https:\/\/msimonsson.se\/index.php\/2016\/04\/08\/panama-och-mitt-moraliska-dilemma\/\"},\"author\":{\"name\":\"Marie Simonsson\",\"@id\":\"https:\/\/msimonsson.se\/#\/schema\/person\/c1f6d7642c2de3211be0a8bf810f4ac0\"},\"headline\":\"Panama och mitt moraliska dilemma\",\"datePublished\":\"2016-04-08T11:02:16+00:00\",\"mainEntityOfPage\":{\"@id\":\"https:\/\/msimonsson.se\/index.php\/2016\/04\/08\/panama-och-mitt-moraliska-dilemma\/\"},\"wordCount\":484,\"commentCount\":0,\"publisher\":{\"@id\":\"https:\/\/msimonsson.se\/#organization\"},\"image\":{\"@id\":\"https:\/\/msimonsson.se\/index.php\/2016\/04\/08\/panama-och-mitt-moraliska-dilemma\/#primaryimage\"},\"thumbnailUrl\":\"https:\/\/msimonsson.se\/wp-content\/uploads\/2016\/04\/Mobil-Maj-2015-031-e1460112991367.jpg\",\"articleSection\":[\"Aff\u00e4rsutveckling\",\"Aktuellt\",\"Allm\u00e4nt\",\"Omv\u00e4rldsanalys\",\"Styrelse\"],\"inLanguage\":\"sv-SE\",\"potentialAction\":[{\"@type\":\"CommentAction\",\"name\":\"Comment\",\"target\":[\"https:\/\/msimonsson.se\/index.php\/2016\/04\/08\/panama-och-mitt-moraliska-dilemma\/#respond\"]}]},{\"@type\":\"WebPage\",\"@id\":\"https:\/\/msimonsson.se\/index.php\/2016\/04\/08\/panama-och-mitt-moraliska-dilemma\/\",\"url\":\"https:\/\/msimonsson.se\/index.php\/2016\/04\/08\/panama-och-mitt-moraliska-dilemma\/\",\"name\":\"Panama och mitt moraliska dilemma - Marie Simonsson\",\"isPartOf\":{\"@id\":\"https:\/\/msimonsson.se\/#website\"},\"primaryImageOfPage\":{\"@id\":\"https:\/\/msimonsson.se\/index.php\/2016\/04\/08\/panama-och-mitt-moraliska-dilemma\/#primaryimage\"},\"image\":{\"@id\":\"https:\/\/msimonsson.se\/index.php\/2016\/04\/08\/panama-och-mitt-moraliska-dilemma\/#primaryimage\"},\"thumbnailUrl\":\"https:\/\/msimonsson.se\/wp-content\/uploads\/2016\/04\/Mobil-Maj-2015-031-e1460112991367.jpg\",\"datePublished\":\"2016-04-08T11:02:16+00:00\",\"breadcrumb\":{\"@id\":\"https:\/\/msimonsson.se\/index.php\/2016\/04\/08\/panama-och-mitt-moraliska-dilemma\/#breadcrumb\"},\"inLanguage\":\"sv-SE\",\"potentialAction\":[{\"@type\":\"ReadAction\",\"target\":[\"https:\/\/msimonsson.se\/index.php\/2016\/04\/08\/panama-och-mitt-moraliska-dilemma\/\"]}]},{\"@type\":\"ImageObject\",\"inLanguage\":\"sv-SE\",\"@id\":\"https:\/\/msimonsson.se\/index.php\/2016\/04\/08\/panama-och-mitt-moraliska-dilemma\/#primaryimage\",\"url\":\"https:\/\/msimonsson.se\/wp-content\/uploads\/2016\/04\/Mobil-Maj-2015-031-e1460112991367.jpg\",\"contentUrl\":\"https:\/\/msimonsson.se\/wp-content\/uploads\/2016\/04\/Mobil-Maj-2015-031-e1460112991367.jpg\",\"width\":1000,\"height\":667},{\"@type\":\"BreadcrumbList\",\"@id\":\"https:\/\/msimonsson.se\/index.php\/2016\/04\/08\/panama-och-mitt-moraliska-dilemma\/#breadcrumb\",\"itemListElement\":[{\"@type\":\"ListItem\",\"position\":1,\"name\":\"Hem\",\"item\":\"https:\/\/msimonsson.se\/\"},{\"@type\":\"ListItem\",\"position\":2,\"name\":\"Panama och mitt moraliska dilemma\"}]},{\"@type\":\"WebSite\",\"@id\":\"https:\/\/msimonsson.se\/#website\",\"url\":\"https:\/\/msimonsson.se\/\",\"name\":\"Marie Simonsson Business Consulting\",\"description\":\"Business Consulting\",\"publisher\":{\"@id\":\"https:\/\/msimonsson.se\/#organization\"},\"potentialAction\":[{\"@type\":\"SearchAction\",\"target\":{\"@type\":\"EntryPoint\",\"urlTemplate\":\"https:\/\/msimonsson.se\/?s={search_term_string}\"},\"query-input\":{\"@type\":\"PropertyValueSpecification\",\"valueRequired\":true,\"valueName\":\"search_term_string\"}}],\"inLanguage\":\"sv-SE\"},{\"@type\":\"Organization\",\"@id\":\"https:\/\/msimonsson.se\/#organization\",\"name\":\"Marie Simonsson Business Consulting\",\"url\":\"https:\/\/msimonsson.se\/\",\"logo\":{\"@type\":\"ImageObject\",\"inLanguage\":\"sv-SE\",\"@id\":\"https:\/\/msimonsson.se\/#\/schema\/logo\/image\/\",\"url\":\"https:\/\/msimonsson.se\/wp-content\/uploads\/2023\/08\/Marie_Simonsson_business_consulting.jpg\",\"contentUrl\":\"https:\/\/msimonsson.se\/wp-content\/uploads\/2023\/08\/Marie_Simonsson_business_consulting.jpg\",\"width\":645,\"height\":144,\"caption\":\"Marie Simonsson Business Consulting\"},\"image\":{\"@id\":\"https:\/\/msimonsson.se\/#\/schema\/logo\/image\/\"},\"sameAs\":[\"https:\/\/www.facebook.com\/msimonsson.se\",\"https:\/\/www.instagram.com\/msimonssonab\/\"]},{\"@type\":\"Person\",\"@id\":\"https:\/\/msimonsson.se\/#\/schema\/person\/c1f6d7642c2de3211be0a8bf810f4ac0\",\"name\":\"Marie Simonsson\",\"image\":{\"@type\":\"ImageObject\",\"inLanguage\":\"sv-SE\",\"@id\":\"https:\/\/msimonsson.se\/#\/schema\/person\/image\/\",\"url\":\"https:\/\/secure.gravatar.com\/avatar\/d2aa79522fb63fd956693647b35d907a5829de559b544536c1f8995f26685673?s=96&d=mm&r=g\",\"contentUrl\":\"https:\/\/secure.gravatar.com\/avatar\/d2aa79522fb63fd956693647b35d907a5829de559b544536c1f8995f26685673?s=96&d=mm&r=g\",\"caption\":\"Marie Simonsson\"},\"url\":\"https:\/\/msimonsson.se\/index.php\/author\/marie\/\"}]}<\/script>\n<!-- \/ Yoast SEO plugin. -->","yoast_head_json":{"title":"Panama och mitt moraliska dilemma - Marie Simonsson","robots":{"index":"index","follow":"follow","max-snippet":"max-snippet:-1","max-image-preview":"max-image-preview:large","max-video-preview":"max-video-preview:-1"},"canonical":"https:\/\/msimonsson.se\/index.php\/2016\/04\/08\/panama-och-mitt-moraliska-dilemma\/","og_locale":"sv_SE","og_type":"article","og_title":"Panama och mitt moraliska dilemma - Marie Simonsson","og_description":"Varje \u00e5r \u00e4r det lite speciellt kring v\u00e5rens \u00e5rsm\u00f6tesveckor. Jag f\u00e5r \u00e5ka ut, ber\u00e4tta och svara p\u00e5 fr\u00e5gor, dela ut \u201dmedaljer\u201d till s\u00e4rskilt engagerade och svara p\u00e5 fr\u00e5gor om vad vi gjort i styrelsen. Det \u00e4r medlemmar med starkt fokus p\u00e5 f\u00f6rening, kooperation och ideella uppdrag. \u00a0D\u00e5 k\u00e4nns den senaste \u201dPanama l\u00e4ckan\u201d om hur man [&hellip;]","og_url":"https:\/\/msimonsson.se\/index.php\/2016\/04\/08\/panama-och-mitt-moraliska-dilemma\/","og_site_name":"Marie Simonsson","article_publisher":"https:\/\/www.facebook.com\/msimonsson.se","article_published_time":"2016-04-08T11:02:16+00:00","og_image":[{"width":1000,"height":667,"url":"https:\/\/msimonsson.se\/wp-content\/uploads\/2016\/04\/Mobil-Maj-2015-031-e1460112991367.jpg","type":"image\/jpeg"}],"author":"Marie Simonsson","twitter_card":"summary_large_image","twitter_misc":{"Skriven av":"Marie Simonsson","Ber\u00e4knad l\u00e4stid":"2 minuter"},"schema":{"@context":"https:\/\/schema.org","@graph":[{"@type":"Article","@id":"https:\/\/msimonsson.se\/index.php\/2016\/04\/08\/panama-och-mitt-moraliska-dilemma\/#article","isPartOf":{"@id":"https:\/\/msimonsson.se\/index.php\/2016\/04\/08\/panama-och-mitt-moraliska-dilemma\/"},"author":{"name":"Marie Simonsson","@id":"https:\/\/msimonsson.se\/#\/schema\/person\/c1f6d7642c2de3211be0a8bf810f4ac0"},"headline":"Panama och mitt moraliska dilemma","datePublished":"2016-04-08T11:02:16+00:00","mainEntityOfPage":{"@id":"https:\/\/msimonsson.se\/index.php\/2016\/04\/08\/panama-och-mitt-moraliska-dilemma\/"},"wordCount":484,"commentCount":0,"publisher":{"@id":"https:\/\/msimonsson.se\/#organization"},"image":{"@id":"https:\/\/msimonsson.se\/index.php\/2016\/04\/08\/panama-och-mitt-moraliska-dilemma\/#primaryimage"},"thumbnailUrl":"https:\/\/msimonsson.se\/wp-content\/uploads\/2016\/04\/Mobil-Maj-2015-031-e1460112991367.jpg","articleSection":["Aff\u00e4rsutveckling","Aktuellt","Allm\u00e4nt","Omv\u00e4rldsanalys","Styrelse"],"inLanguage":"sv-SE","potentialAction":[{"@type":"CommentAction","name":"Comment","target":["https:\/\/msimonsson.se\/index.php\/2016\/04\/08\/panama-och-mitt-moraliska-dilemma\/#respond"]}]},{"@type":"WebPage","@id":"https:\/\/msimonsson.se\/index.php\/2016\/04\/08\/panama-och-mitt-moraliska-dilemma\/","url":"https:\/\/msimonsson.se\/index.php\/2016\/04\/08\/panama-och-mitt-moraliska-dilemma\/","name":"Panama och mitt moraliska dilemma - Marie Simonsson","isPartOf":{"@id":"https:\/\/msimonsson.se\/#website"},"primaryImageOfPage":{"@id":"https:\/\/msimonsson.se\/index.php\/2016\/04\/08\/panama-och-mitt-moraliska-dilemma\/#primaryimage"},"image":{"@id":"https:\/\/msimonsson.se\/index.php\/2016\/04\/08\/panama-och-mitt-moraliska-dilemma\/#primaryimage"},"thumbnailUrl":"https:\/\/msimonsson.se\/wp-content\/uploads\/2016\/04\/Mobil-Maj-2015-031-e1460112991367.jpg","datePublished":"2016-04-08T11:02:16+00:00","breadcrumb":{"@id":"https:\/\/msimonsson.se\/index.php\/2016\/04\/08\/panama-och-mitt-moraliska-dilemma\/#breadcrumb"},"inLanguage":"sv-SE","potentialAction":[{"@type":"ReadAction","target":["https:\/\/msimonsson.se\/index.php\/2016\/04\/08\/panama-och-mitt-moraliska-dilemma\/"]}]},{"@type":"ImageObject","inLanguage":"sv-SE","@id":"https:\/\/msimonsson.se\/index.php\/2016\/04\/08\/panama-och-mitt-moraliska-dilemma\/#primaryimage","url":"https:\/\/msimonsson.se\/wp-content\/uploads\/2016\/04\/Mobil-Maj-2015-031-e1460112991367.jpg","contentUrl":"https:\/\/msimonsson.se\/wp-content\/uploads\/2016\/04\/Mobil-Maj-2015-031-e1460112991367.jpg","width":1000,"height":667},{"@type":"BreadcrumbList","@id":"https:\/\/msimonsson.se\/index.php\/2016\/04\/08\/panama-och-mitt-moraliska-dilemma\/#breadcrumb","itemListElement":[{"@type":"ListItem","position":1,"name":"Hem","item":"https:\/\/msimonsson.se\/"},{"@type":"ListItem","position":2,"name":"Panama och mitt moraliska dilemma"}]},{"@type":"WebSite","@id":"https:\/\/msimonsson.se\/#website","url":"https:\/\/msimonsson.se\/","name":"Marie Simonsson Business Consulting","description":"Business Consulting","publisher":{"@id":"https:\/\/msimonsson.se\/#organization"},"potentialAction":[{"@type":"SearchAction","target":{"@type":"EntryPoint","urlTemplate":"https:\/\/msimonsson.se\/?s={search_term_string}"},"query-input":{"@type":"PropertyValueSpecification","valueRequired":true,"valueName":"search_term_string"}}],"inLanguage":"sv-SE"},{"@type":"Organization","@id":"https:\/\/msimonsson.se\/#organization","name":"Marie Simonsson Business Consulting","url":"https:\/\/msimonsson.se\/","logo":{"@type":"ImageObject","inLanguage":"sv-SE","@id":"https:\/\/msimonsson.se\/#\/schema\/logo\/image\/","url":"https:\/\/msimonsson.se\/wp-content\/uploads\/2023\/08\/Marie_Simonsson_business_consulting.jpg","contentUrl":"https:\/\/msimonsson.se\/wp-content\/uploads\/2023\/08\/Marie_Simonsson_business_consulting.jpg","width":645,"height":144,"caption":"Marie Simonsson Business Consulting"},"image":{"@id":"https:\/\/msimonsson.se\/#\/schema\/logo\/image\/"},"sameAs":["https:\/\/www.facebook.com\/msimonsson.se","https:\/\/www.instagram.com\/msimonssonab\/"]},{"@type":"Person","@id":"https:\/\/msimonsson.se\/#\/schema\/person\/c1f6d7642c2de3211be0a8bf810f4ac0","name":"Marie Simonsson","image":{"@type":"ImageObject","inLanguage":"sv-SE","@id":"https:\/\/msimonsson.se\/#\/schema\/person\/image\/","url":"https:\/\/secure.gravatar.com\/avatar\/d2aa79522fb63fd956693647b35d907a5829de559b544536c1f8995f26685673?s=96&d=mm&r=g","contentUrl":"https:\/\/secure.gravatar.com\/avatar\/d2aa79522fb63fd956693647b35d907a5829de559b544536c1f8995f26685673?s=96&d=mm&r=g","caption":"Marie Simonsson"},"url":"https:\/\/msimonsson.se\/index.php\/author\/marie\/"}]}},"_links":{"self":[{"href":"https:\/\/msimonsson.se\/index.php\/wp-json\/wp\/v2\/posts\/1053","targetHints":{"allow":["GET"]}}],"collection":[{"href":"https:\/\/msimonsson.se\/index.php\/wp-json\/wp\/v2\/posts"}],"about":[{"href":"https:\/\/msimonsson.se\/index.php\/wp-json\/wp\/v2\/types\/post"}],"author":[{"embeddable":true,"href":"https:\/\/msimonsson.se\/index.php\/wp-json\/wp\/v2\/users\/4"}],"replies":[{"embeddable":true,"href":"https:\/\/msimonsson.se\/index.php\/wp-json\/wp\/v2\/comments?post=1053"}],"version-history":[{"count":0,"href":"https:\/\/msimonsson.se\/index.php\/wp-json\/wp\/v2\/posts\/1053\/revisions"}],"wp:featuredmedia":[{"embeddable":true,"href":"https:\/\/msimonsson.se\/index.php\/wp-json\/wp\/v2\/media\/1055"}],"wp:attachment":[{"href":"https:\/\/msimonsson.se\/index.php\/wp-json\/wp\/v2\/media?parent=1053"}],"wp:term":[{"taxonomy":"category","embeddable":true,"href":"https:\/\/msimonsson.se\/index.php\/wp-json\/wp\/v2\/categories?post=1053"},{"taxonomy":"post_tag","embeddable":true,"href":"https:\/\/msimonsson.se\/index.php\/wp-json\/wp\/v2\/tags?post=1053"}],"curies":[{"name":"wp","href":"https:\/\/api.w.org\/{rel}","templated":true}]}}