{"id":1024,"date":"2016-02-29T21:05:12","date_gmt":"2016-02-29T20:05:12","guid":{"rendered":"http:\/\/msimonsson.se\/?p=1024"},"modified":"2016-02-29T21:05:12","modified_gmt":"2016-02-29T20:05:12","slug":"antligen-femte-arstiden","status":"publish","type":"post","link":"https:\/\/msimonsson.se\/index.php\/2016\/02\/29\/antligen-femte-arstiden\/","title":{"rendered":"\u00c4ntligen &#8211; Femte \u00c5rstiden!"},"content":{"rendered":"<p>Den kallas \u201dden femte \u00e5rstiden\u201d. Tiden som g\u00f6r det v\u00e4rt att leva h\u00e4r uppe i kylan och m\u00f6rkret. D\u00e5 n\u00e4r v\u00e5rk\u00e4nslor b\u00f6rjar vakna till liv och det mesta blir enklare. N\u00e4r dagarna blir l\u00e4ngre och solen b\u00f6rjar v\u00e4rma i dagsmejan. Det droppar sm\u00e4ltvatten fr\u00e5n taken p\u00e5 dagen bara f\u00f6r att frysa till istappar igen under natten. F\u00f6r mig \u00e4r den femte \u00e5rstiden n\u00e5got alldeles extra. Tiden r\u00e4cker pl\u00f6tsligt l\u00e4ngre och kreativiteten blir intensiv. Nu b\u00f6rjar jag planera f\u00f6r n\u00f6jen och inte bara arbete. Det \u00e4r som om en del av min hj\u00e4rna, den med lusten till livet, vaknar till ur vinterdvala och vill komma ig\u00e5ng. Det \u00e4r nu ingenting \u00e4r riktigt om\u00f6jligt, bara olika sv\u00e5rt.<\/p>\n<blockquote><p><em><span style=\"font-size: 14pt;\">n\u00e4r lusten till livet vaknar ur vinterdvalan<\/span>\u00a0<\/em><\/p><\/blockquote>\n<p>Jag fascineras av i hur h\u00f6g grad vi m\u00e4nniskor p\u00e5verkas av naturens skiftningar. Jag funderar ocks\u00e5 p\u00e5 hur v\u00e5ra envisa f\u00f6rs\u00f6k att v\u00e4nda natt till dag och krympa p\u00e5 s\u00f6mn och annan \u00e5terh\u00e4mtning p\u00e5verkar oss p\u00e5 ett djupare plan. N\u00e4r det nu k\u00e4nns s\u00e5 fantastiskt bra att g\u00e5 ut i den v\u00e4rmande solen och ladda batterierna. De d\u00e4r inre, mentala batterierna. L\u00e4ste just att svenska forskare har visat hur s\u00f6mnbrist faktiskt skapar en nedbrytningsprocess i hj\u00e4rnan. Viktiga processer d\u00e4r minnen och upplevelser bearbetas och lagras skadas, och risken f\u00f6r demens \u00f6kar. Inte underligt att det blir n\u00e5got fel n\u00e4r vi inte tar oss tid att njuta av b\u00e5de dygnets rytm och naturens skiftningar.\u00a0 Det g\u00e4ller att ta vara p\u00e5 \u00f6gonblicken n\u00e4r solen och ljuset \u00e4r h\u00e4r igen.\u2026 I den femte \u00e5rstiden.<\/p>\n","protected":false},"excerpt":{"rendered":"<p>Den kallas \u201dden femte \u00e5rstiden\u201d. Tiden som g\u00f6r det v\u00e4rt att leva h\u00e4r uppe i kylan och m\u00f6rkret. D\u00e5 n\u00e4r v\u00e5rk\u00e4nslor b\u00f6rjar vakna till liv och det mesta blir enklare. N\u00e4r dagarna blir l\u00e4ngre och solen b\u00f6rjar v\u00e4rma i dagsmejan. Det droppar sm\u00e4ltvatten fr\u00e5n taken p\u00e5 dagen bara f\u00f6r att frysa till istappar igen under [&hellip;]<\/p>\n","protected":false},"author":4,"featured_media":0,"comment_status":"open","ping_status":"open","sticky":false,"template":"","format":"standard","meta":{"_et_pb_use_builder":"","_et_pb_old_content":"","_et_gb_content_width":"","footnotes":""},"categories":[16,21,29,18],"tags":[],"class_list":["post-1024","post","type-post","status-publish","format-standard","hentry","category-aktuellt","category-allmant","category-foretagare-i-landsbygd","category-saffranstid"],"yoast_head":"<!-- This site is optimized with the Yoast SEO plugin v26.8 - https:\/\/yoast.com\/product\/yoast-seo-wordpress\/ -->\n<title>\u00c4ntligen - Femte \u00c5rstiden! - Marie Simonsson<\/title>\n<meta name=\"robots\" content=\"index, follow, max-snippet:-1, max-image-preview:large, max-video-preview:-1\" \/>\n<link rel=\"canonical\" href=\"https:\/\/msimonsson.se\/index.php\/2016\/02\/29\/antligen-femte-arstiden\/\" \/>\n<meta property=\"og:locale\" content=\"sv_SE\" \/>\n<meta property=\"og:type\" content=\"article\" \/>\n<meta property=\"og:title\" content=\"\u00c4ntligen - Femte \u00c5rstiden! - Marie Simonsson\" \/>\n<meta property=\"og:description\" content=\"Den kallas \u201dden femte \u00e5rstiden\u201d. Tiden som g\u00f6r det v\u00e4rt att leva h\u00e4r uppe i kylan och m\u00f6rkret. D\u00e5 n\u00e4r v\u00e5rk\u00e4nslor b\u00f6rjar vakna till liv och det mesta blir enklare. N\u00e4r dagarna blir l\u00e4ngre och solen b\u00f6rjar v\u00e4rma i dagsmejan. Det droppar sm\u00e4ltvatten fr\u00e5n taken p\u00e5 dagen bara f\u00f6r att frysa till istappar igen under [&hellip;]\" \/>\n<meta property=\"og:url\" content=\"https:\/\/msimonsson.se\/index.php\/2016\/02\/29\/antligen-femte-arstiden\/\" \/>\n<meta property=\"og:site_name\" content=\"Marie Simonsson\" \/>\n<meta property=\"article:publisher\" content=\"https:\/\/www.facebook.com\/msimonsson.se\" \/>\n<meta property=\"article:published_time\" content=\"2016-02-29T20:05:12+00:00\" \/>\n<meta name=\"author\" content=\"Marie Simonsson\" \/>\n<meta name=\"twitter:card\" content=\"summary_large_image\" \/>\n<meta name=\"twitter:label1\" content=\"Skriven av\" \/>\n\t<meta name=\"twitter:data1\" content=\"Marie Simonsson\" \/>\n\t<meta name=\"twitter:label2\" content=\"Ber\u00e4knad l\u00e4stid\" \/>\n\t<meta name=\"twitter:data2\" content=\"2 minuter\" \/>\n<script type=\"application\/ld+json\" class=\"yoast-schema-graph\">{\"@context\":\"https:\/\/schema.org\",\"@graph\":[{\"@type\":\"Article\",\"@id\":\"https:\/\/msimonsson.se\/index.php\/2016\/02\/29\/antligen-femte-arstiden\/#article\",\"isPartOf\":{\"@id\":\"https:\/\/msimonsson.se\/index.php\/2016\/02\/29\/antligen-femte-arstiden\/\"},\"author\":{\"name\":\"Marie Simonsson\",\"@id\":\"https:\/\/msimonsson.se\/#\/schema\/person\/c1f6d7642c2de3211be0a8bf810f4ac0\"},\"headline\":\"\u00c4ntligen &#8211; Femte \u00c5rstiden!\",\"datePublished\":\"2016-02-29T20:05:12+00:00\",\"mainEntityOfPage\":{\"@id\":\"https:\/\/msimonsson.se\/index.php\/2016\/02\/29\/antligen-femte-arstiden\/\"},\"wordCount\":310,\"commentCount\":0,\"publisher\":{\"@id\":\"https:\/\/msimonsson.se\/#organization\"},\"articleSection\":[\"Aktuellt\",\"Allm\u00e4nt\",\"F\u00f6retagare i landsbygd\",\"Saffranstid\u00ae\"],\"inLanguage\":\"sv-SE\",\"potentialAction\":[{\"@type\":\"CommentAction\",\"name\":\"Comment\",\"target\":[\"https:\/\/msimonsson.se\/index.php\/2016\/02\/29\/antligen-femte-arstiden\/#respond\"]}]},{\"@type\":\"WebPage\",\"@id\":\"https:\/\/msimonsson.se\/index.php\/2016\/02\/29\/antligen-femte-arstiden\/\",\"url\":\"https:\/\/msimonsson.se\/index.php\/2016\/02\/29\/antligen-femte-arstiden\/\",\"name\":\"\u00c4ntligen - Femte \u00c5rstiden! - Marie Simonsson\",\"isPartOf\":{\"@id\":\"https:\/\/msimonsson.se\/#website\"},\"datePublished\":\"2016-02-29T20:05:12+00:00\",\"breadcrumb\":{\"@id\":\"https:\/\/msimonsson.se\/index.php\/2016\/02\/29\/antligen-femte-arstiden\/#breadcrumb\"},\"inLanguage\":\"sv-SE\",\"potentialAction\":[{\"@type\":\"ReadAction\",\"target\":[\"https:\/\/msimonsson.se\/index.php\/2016\/02\/29\/antligen-femte-arstiden\/\"]}]},{\"@type\":\"BreadcrumbList\",\"@id\":\"https:\/\/msimonsson.se\/index.php\/2016\/02\/29\/antligen-femte-arstiden\/#breadcrumb\",\"itemListElement\":[{\"@type\":\"ListItem\",\"position\":1,\"name\":\"Hem\",\"item\":\"https:\/\/msimonsson.se\/\"},{\"@type\":\"ListItem\",\"position\":2,\"name\":\"\u00c4ntligen &#8211; Femte \u00c5rstiden!\"}]},{\"@type\":\"WebSite\",\"@id\":\"https:\/\/msimonsson.se\/#website\",\"url\":\"https:\/\/msimonsson.se\/\",\"name\":\"Marie Simonsson Business Consulting\",\"description\":\"Business Consulting\",\"publisher\":{\"@id\":\"https:\/\/msimonsson.se\/#organization\"},\"potentialAction\":[{\"@type\":\"SearchAction\",\"target\":{\"@type\":\"EntryPoint\",\"urlTemplate\":\"https:\/\/msimonsson.se\/?s={search_term_string}\"},\"query-input\":{\"@type\":\"PropertyValueSpecification\",\"valueRequired\":true,\"valueName\":\"search_term_string\"}}],\"inLanguage\":\"sv-SE\"},{\"@type\":\"Organization\",\"@id\":\"https:\/\/msimonsson.se\/#organization\",\"name\":\"Marie Simonsson Business Consulting\",\"url\":\"https:\/\/msimonsson.se\/\",\"logo\":{\"@type\":\"ImageObject\",\"inLanguage\":\"sv-SE\",\"@id\":\"https:\/\/msimonsson.se\/#\/schema\/logo\/image\/\",\"url\":\"https:\/\/msimonsson.se\/wp-content\/uploads\/2023\/08\/Marie_Simonsson_business_consulting.jpg\",\"contentUrl\":\"https:\/\/msimonsson.se\/wp-content\/uploads\/2023\/08\/Marie_Simonsson_business_consulting.jpg\",\"width\":645,\"height\":144,\"caption\":\"Marie Simonsson Business Consulting\"},\"image\":{\"@id\":\"https:\/\/msimonsson.se\/#\/schema\/logo\/image\/\"},\"sameAs\":[\"https:\/\/www.facebook.com\/msimonsson.se\",\"https:\/\/www.instagram.com\/msimonssonab\/\"]},{\"@type\":\"Person\",\"@id\":\"https:\/\/msimonsson.se\/#\/schema\/person\/c1f6d7642c2de3211be0a8bf810f4ac0\",\"name\":\"Marie Simonsson\",\"image\":{\"@type\":\"ImageObject\",\"inLanguage\":\"sv-SE\",\"@id\":\"https:\/\/msimonsson.se\/#\/schema\/person\/image\/\",\"url\":\"https:\/\/secure.gravatar.com\/avatar\/d2aa79522fb63fd956693647b35d907a5829de559b544536c1f8995f26685673?s=96&d=mm&r=g\",\"contentUrl\":\"https:\/\/secure.gravatar.com\/avatar\/d2aa79522fb63fd956693647b35d907a5829de559b544536c1f8995f26685673?s=96&d=mm&r=g\",\"caption\":\"Marie Simonsson\"},\"url\":\"https:\/\/msimonsson.se\/index.php\/author\/marie\/\"}]}<\/script>\n<!-- \/ Yoast SEO plugin. -->","yoast_head_json":{"title":"\u00c4ntligen - Femte \u00c5rstiden! - Marie Simonsson","robots":{"index":"index","follow":"follow","max-snippet":"max-snippet:-1","max-image-preview":"max-image-preview:large","max-video-preview":"max-video-preview:-1"},"canonical":"https:\/\/msimonsson.se\/index.php\/2016\/02\/29\/antligen-femte-arstiden\/","og_locale":"sv_SE","og_type":"article","og_title":"\u00c4ntligen - Femte \u00c5rstiden! - Marie Simonsson","og_description":"Den kallas \u201dden femte \u00e5rstiden\u201d. Tiden som g\u00f6r det v\u00e4rt att leva h\u00e4r uppe i kylan och m\u00f6rkret. D\u00e5 n\u00e4r v\u00e5rk\u00e4nslor b\u00f6rjar vakna till liv och det mesta blir enklare. N\u00e4r dagarna blir l\u00e4ngre och solen b\u00f6rjar v\u00e4rma i dagsmejan. Det droppar sm\u00e4ltvatten fr\u00e5n taken p\u00e5 dagen bara f\u00f6r att frysa till istappar igen under [&hellip;]","og_url":"https:\/\/msimonsson.se\/index.php\/2016\/02\/29\/antligen-femte-arstiden\/","og_site_name":"Marie Simonsson","article_publisher":"https:\/\/www.facebook.com\/msimonsson.se","article_published_time":"2016-02-29T20:05:12+00:00","author":"Marie Simonsson","twitter_card":"summary_large_image","twitter_misc":{"Skriven av":"Marie Simonsson","Ber\u00e4knad l\u00e4stid":"2 minuter"},"schema":{"@context":"https:\/\/schema.org","@graph":[{"@type":"Article","@id":"https:\/\/msimonsson.se\/index.php\/2016\/02\/29\/antligen-femte-arstiden\/#article","isPartOf":{"@id":"https:\/\/msimonsson.se\/index.php\/2016\/02\/29\/antligen-femte-arstiden\/"},"author":{"name":"Marie Simonsson","@id":"https:\/\/msimonsson.se\/#\/schema\/person\/c1f6d7642c2de3211be0a8bf810f4ac0"},"headline":"\u00c4ntligen &#8211; Femte \u00c5rstiden!","datePublished":"2016-02-29T20:05:12+00:00","mainEntityOfPage":{"@id":"https:\/\/msimonsson.se\/index.php\/2016\/02\/29\/antligen-femte-arstiden\/"},"wordCount":310,"commentCount":0,"publisher":{"@id":"https:\/\/msimonsson.se\/#organization"},"articleSection":["Aktuellt","Allm\u00e4nt","F\u00f6retagare i landsbygd","Saffranstid\u00ae"],"inLanguage":"sv-SE","potentialAction":[{"@type":"CommentAction","name":"Comment","target":["https:\/\/msimonsson.se\/index.php\/2016\/02\/29\/antligen-femte-arstiden\/#respond"]}]},{"@type":"WebPage","@id":"https:\/\/msimonsson.se\/index.php\/2016\/02\/29\/antligen-femte-arstiden\/","url":"https:\/\/msimonsson.se\/index.php\/2016\/02\/29\/antligen-femte-arstiden\/","name":"\u00c4ntligen - Femte \u00c5rstiden! - Marie Simonsson","isPartOf":{"@id":"https:\/\/msimonsson.se\/#website"},"datePublished":"2016-02-29T20:05:12+00:00","breadcrumb":{"@id":"https:\/\/msimonsson.se\/index.php\/2016\/02\/29\/antligen-femte-arstiden\/#breadcrumb"},"inLanguage":"sv-SE","potentialAction":[{"@type":"ReadAction","target":["https:\/\/msimonsson.se\/index.php\/2016\/02\/29\/antligen-femte-arstiden\/"]}]},{"@type":"BreadcrumbList","@id":"https:\/\/msimonsson.se\/index.php\/2016\/02\/29\/antligen-femte-arstiden\/#breadcrumb","itemListElement":[{"@type":"ListItem","position":1,"name":"Hem","item":"https:\/\/msimonsson.se\/"},{"@type":"ListItem","position":2,"name":"\u00c4ntligen &#8211; Femte \u00c5rstiden!"}]},{"@type":"WebSite","@id":"https:\/\/msimonsson.se\/#website","url":"https:\/\/msimonsson.se\/","name":"Marie Simonsson Business Consulting","description":"Business Consulting","publisher":{"@id":"https:\/\/msimonsson.se\/#organization"},"potentialAction":[{"@type":"SearchAction","target":{"@type":"EntryPoint","urlTemplate":"https:\/\/msimonsson.se\/?s={search_term_string}"},"query-input":{"@type":"PropertyValueSpecification","valueRequired":true,"valueName":"search_term_string"}}],"inLanguage":"sv-SE"},{"@type":"Organization","@id":"https:\/\/msimonsson.se\/#organization","name":"Marie Simonsson Business Consulting","url":"https:\/\/msimonsson.se\/","logo":{"@type":"ImageObject","inLanguage":"sv-SE","@id":"https:\/\/msimonsson.se\/#\/schema\/logo\/image\/","url":"https:\/\/msimonsson.se\/wp-content\/uploads\/2023\/08\/Marie_Simonsson_business_consulting.jpg","contentUrl":"https:\/\/msimonsson.se\/wp-content\/uploads\/2023\/08\/Marie_Simonsson_business_consulting.jpg","width":645,"height":144,"caption":"Marie Simonsson Business Consulting"},"image":{"@id":"https:\/\/msimonsson.se\/#\/schema\/logo\/image\/"},"sameAs":["https:\/\/www.facebook.com\/msimonsson.se","https:\/\/www.instagram.com\/msimonssonab\/"]},{"@type":"Person","@id":"https:\/\/msimonsson.se\/#\/schema\/person\/c1f6d7642c2de3211be0a8bf810f4ac0","name":"Marie Simonsson","image":{"@type":"ImageObject","inLanguage":"sv-SE","@id":"https:\/\/msimonsson.se\/#\/schema\/person\/image\/","url":"https:\/\/secure.gravatar.com\/avatar\/d2aa79522fb63fd956693647b35d907a5829de559b544536c1f8995f26685673?s=96&d=mm&r=g","contentUrl":"https:\/\/secure.gravatar.com\/avatar\/d2aa79522fb63fd956693647b35d907a5829de559b544536c1f8995f26685673?s=96&d=mm&r=g","caption":"Marie Simonsson"},"url":"https:\/\/msimonsson.se\/index.php\/author\/marie\/"}]}},"_links":{"self":[{"href":"https:\/\/msimonsson.se\/index.php\/wp-json\/wp\/v2\/posts\/1024","targetHints":{"allow":["GET"]}}],"collection":[{"href":"https:\/\/msimonsson.se\/index.php\/wp-json\/wp\/v2\/posts"}],"about":[{"href":"https:\/\/msimonsson.se\/index.php\/wp-json\/wp\/v2\/types\/post"}],"author":[{"embeddable":true,"href":"https:\/\/msimonsson.se\/index.php\/wp-json\/wp\/v2\/users\/4"}],"replies":[{"embeddable":true,"href":"https:\/\/msimonsson.se\/index.php\/wp-json\/wp\/v2\/comments?post=1024"}],"version-history":[{"count":0,"href":"https:\/\/msimonsson.se\/index.php\/wp-json\/wp\/v2\/posts\/1024\/revisions"}],"wp:attachment":[{"href":"https:\/\/msimonsson.se\/index.php\/wp-json\/wp\/v2\/media?parent=1024"}],"wp:term":[{"taxonomy":"category","embeddable":true,"href":"https:\/\/msimonsson.se\/index.php\/wp-json\/wp\/v2\/categories?post=1024"},{"taxonomy":"post_tag","embeddable":true,"href":"https:\/\/msimonsson.se\/index.php\/wp-json\/wp\/v2\/tags?post=1024"}],"curies":[{"name":"wp","href":"https:\/\/api.w.org\/{rel}","templated":true}]}}